{"id":383260,"date":"2025-09-11T16:59:18","date_gmt":"2025-09-11T16:59:18","guid":{"rendered":"https:\/\/www.europesays.com\/fr\/383260\/"},"modified":"2025-09-11T16:59:18","modified_gmt":"2025-09-11T16:59:18","slug":"pres-de-nantes-une-soiree-musique-humour-debats-et-solidarites-contre-le-cancer-des-enfants","status":"publish","type":"post","link":"https:\/\/www.europesays.com\/fr\/383260\/","title":{"rendered":"Pr\u00e8s de Nantes, une soir\u00e9e musique, humour, d\u00e9bats et solidarit\u00e9s contre le cancer des enfants"},"content":{"rendered":"<p>Dans le cadre de Septembre en or, une journ\u00e9e caritative port\u00e9e par le collectif Stop aux cancers de nos enfants est organis\u00e9e, samedi 13\u00a0septembre, \u00e0 la Carri\u00e8re, \u00e0 Saint-Herblain (Loire-Atlantique).<\/p>\n<p>Marie Thibaud, lanceuse d\u2019alerte et \u00e0 l\u2019origine du collectif, parle de ce rendez-vous\u00a0: \u00a0Depuis <a href=\"https:\/\/rennes.maville.com\/actu\/actudet_-entretien.-loi-duplomb-pourquoi-la-censure-decidee-par-le-conseil-constitutionnel-est-historique-_54135-6928973_actu.Htm\" rel=\"nofollow noopener\" target=\"_blank\">la loi Duplomb<\/a>, plus de 2\u00a0millions de citoyens ont sign\u00e9 une p\u00e9tition. C\u2019est dans cet esprit que le collectif organise cet \u00e9v\u00e8nement, soutenu par d\u2019autres associations. Notre objectif est de financer la recherche et la pr\u00e9vention.\u00a0 La parole sera donn\u00e9e aux scientifiques, m\u00e9decins et familles concern\u00e9es, dans une premi\u00e8re partie avec un d\u00e9bat public, autour de la diffusion du documentaire Contrepoisons. La sportive S\u00e9verine Gu\u00e9rif, neuf fois championne du monde de duathlon et victorieuse d\u2019un cancer du sein, sera pr\u00e9sente.<\/p>\n<p>Les b\u00e9n\u00e9fices iront \u00e0 la recherche<\/p>\n<p>En soir\u00e9e, place au spectacle avec, en premi\u00e8re partie, La Morissette, qui offrira \u00e0 la cause sa fougue, sa voix et son humour. En seconde partie, \u00a0la soir\u00e9e continue en humour et en humanit\u00e9\u00a0\u00bb, avec des humoristes parisiens et nantais, qui monteront sur sc\u00e8ne sans autre cachet que celui de la bonne action.<\/p>\n<p>\u00a0L\u2019int\u00e9gralit\u00e9 des recettes sera revers\u00e9e \u00e0 l\u2019institut citoyen et servira directement notre grand projet 100\u00a0000\u00a0\u20ac pour la recherche\u00a0\u00bb, conclut Marie Thibaud.<\/p>\n<p><strong>Samedi 13\u00a0septembre,<\/strong> \u00e0 partir de 14\u00a0h, \u00e0 la Carri\u00e8re, \u00e0 Saint-Herblain. Billetterie en ligne sur <a href=\"https:\/\/lacarriere-events.com\/evenements\/soiree-caritative-musique-et-humour\/\" rel=\"nofollow noopener\" target=\"_blank\">lacarriere-events.com\/evenements\/soiree-caritative-musique-et-humour<\/a>.<\/p>\n<p>\u00a0<\/p>\n","protected":false},"excerpt":{"rendered":"Dans le cadre de Septembre en or, une journ\u00e9e caritative port\u00e9e par le collectif Stop aux cancers de&hellip;\n","protected":false},"author":2,"featured_media":383261,"comment_status":"","ping_status":"","sticky":false,"template":"","format":"standard","meta":{"footnotes":""},"categories":[2818],"tags":[1111,11,101,13946,1719,1777,674,1011,27,708,873,766,12,2636,3762,25,953,30674],"class_list":{"0":"post-383260","1":"post","2":"type-post","3":"status-publish","4":"format-standard","5":"has-post-thumbnail","7":"category-nantes","8":"tag-actu","9":"tag-actualites","10":"tag-cancer","11":"tag-debats","12":"tag-enfants","13":"tag-eu","14":"tag-europe","15":"tag-fr","16":"tag-france","17":"tag-humour","18":"tag-musique","19":"tag-nantes","20":"tag-news","21":"tag-pays-de-la-loire","22":"tag-pres","23":"tag-republique-francaise","24":"tag-soiree","25":"tag-solidarites"},"share_on_mastodon":{"url":"https:\/\/pubeurope.com\/@fr\/115186733221083976","error":""},"_links":{"self":[{"href":"https:\/\/www.europesays.com\/fr\/wp-json\/wp\/v2\/posts\/383260","targetHints":{"allow":["GET"]}}],"collection":[{"href":"https:\/\/www.europesays.com\/fr\/wp-json\/wp\/v2\/posts"}],"about":[{"href":"https:\/\/www.europesays.com\/fr\/wp-json\/wp\/v2\/types\/post"}],"author":[{"embeddable":true,"href":"https:\/\/www.europesays.com\/fr\/wp-json\/wp\/v2\/users\/2"}],"replies":[{"embeddable":true,"href":"https:\/\/www.europesays.com\/fr\/wp-json\/wp\/v2\/comments?post=383260"}],"version-history":[{"count":0,"href":"https:\/\/www.europesays.com\/fr\/wp-json\/wp\/v2\/posts\/383260\/revisions"}],"wp:featuredmedia":[{"embeddable":true,"href":"https:\/\/www.europesays.com\/fr\/wp-json\/wp\/v2\/media\/383261"}],"wp:attachment":[{"href":"https:\/\/www.europesays.com\/fr\/wp-json\/wp\/v2\/media?parent=383260"}],"wp:term":[{"taxonomy":"category","embeddable":true,"href":"https:\/\/www.europesays.com\/fr\/wp-json\/wp\/v2\/categories?post=383260"},{"taxonomy":"post_tag","embeddable":true,"href":"https:\/\/www.europesays.com\/fr\/wp-json\/wp\/v2\/tags?post=383260"}],"curies":[{"name":"wp","href":"https:\/\/api.w.org\/{rel}","templated":true}]}}