{"id":383262,"date":"2025-09-11T17:00:27","date_gmt":"2025-09-11T17:00:27","guid":{"rendered":"https:\/\/www.europesays.com\/fr\/383262\/"},"modified":"2025-09-11T17:00:27","modified_gmt":"2025-09-11T17:00:27","slug":"jean-claude-hulot-candidat-du-rn-veut-une-nantes-plus-sure","status":"publish","type":"post","link":"https:\/\/www.europesays.com\/fr\/383262\/","title":{"rendered":"Jean-Claude Hulot, candidat du RN, veut une \u00ab\u00a0Nantes plus s\u00fbre\u00a0\u00bb"},"content":{"rendered":"<p>            Par<br \/>\n        <strong><br \/>\n            <a href=\"https:\/\/actu.fr\/auteur\/laure-gentil\" title=\"Consulter tous les articles de Laure Gentil\" rel=\"nofollow noopener\" target=\"_blank\">Laure Gentil<\/a><br \/>\n        <\/strong><\/p>\n<p>        Publi\u00e9 le<\/p>\n<p>            11 sept. 2025 \u00e0 18h10        <\/p>\n<p>Il doit affronter la maire sortante <strong>Johanna Rolland<\/strong> (Parti Socialiste) et <strong>Foulques Chombart de Lauwe<\/strong>, qui a remport\u00e9 <a href=\"https:\/\/actu.fr\/pays-de-la-loire\/nantes_44109\/municipales-2026-a-nantes-foulques-chombart-de-lauwe-choisi-par-les-electeurs-de-droite_63098647.html\" rel=\"nofollow noopener\" target=\"_blank\">la primaire des R\u00e9publicains<\/a>, pour conqu\u00e9rir la mairie. Jean-Claude Hulot, nouveau venu sur la sc\u00e8ne politique nantaise et <a href=\"https:\/\/actu.fr\/pays-de-la-loire\/nantes_44109\/municipales-2026-a-nantes-le-rassemblement-national-annonce-son-candidat_63101026.html\" rel=\"nofollow noopener\" target=\"_blank\">candidat du Rassemblement National aux municipales de Nantes<\/a>, a accept\u00e9 de donner une interview \u00e0\u00a0actu Nantes.<\/p>\n<p class=\"ac-article-content__question wall-content\"><strong class=\"color-primary\">Actu : <\/strong>Qui \u00eates-vous en plus d&rsquo;\u00eatre le candidat du Rassemblement National aux municipales de Nantes ?<\/p>\n<p class=\" wall-content\"><strong class=\"color-primary\">Jean-Claude-Hulot : <\/strong>J&rsquo;ai une double formation d&rsquo;ing\u00e9nieur de l&rsquo;\u00e9cole des mines de Paris et d&rsquo;\u00e9narque, et je travaille encore au minist\u00e8re de l&rsquo;\u00e9conomie. J&rsquo;ai fait l&rsquo;essentiel de ma vie professionnelle \u00e0 ce minist\u00e8re avec un passage dans une ambassade \u00e0 Londres d&rsquo;une part et au Commissariat \u00e0 l&rsquo;\u00e9nergie atomique d&rsquo;autre part. Je suis aussi officier de marine de r\u00e9serve. Sur le plan personnel, je suis mari\u00e9 et j&rsquo;ai trois enfants.<\/p>\n<p class=\"ac-article-content__question wall-content\">Qu&rsquo;est-ce qui vous a fait rejoindre le Rassemblement national ?<\/p>\n<p class=\" wall-content\"><strong class=\"color-primary\">J.C.H : <\/strong>Alors, je participe depuis maintenant neuf ans \u00e0 un groupe de r\u00e9flexion, un peu discret, qui s&rsquo;appelle Les Horaces qui fournit des notes, des sujets de r\u00e9flexion, des propositions \u00e0 Marine Le Pen.  Ces \u00e9lections et le fait d&rsquo;avoir rejoint le Rassemblement National sont l&rsquo;occasion de sortir de cette ombre et d&rsquo;assumer mes convictions, parce que je crois qu&rsquo;il est n\u00e9cessaire qu&rsquo;il y ait un changement politique profond en France. <\/p>\n<p>\u00ab\u2009Il faut repenser l\u2019accessibilit\u00e9 \u00e0 la ville\u2009\u00bb<\/p>\n<p class=\"ac-article-content__question wall-content\">Pourquoi avez-vous d\u00e9cid\u00e9 de vous pr\u00e9senter aux municipales de Nantes ?<\/p>\n<p class=\" wall-content\"><strong class=\"color-primary\">J.C.H : <\/strong>Premi\u00e8re raison, j&rsquo;ai eu des attaches familiales \u00e0 Nantes pendant de nombreuses ann\u00e9es. Ensuite, je crois que Nantes fait partie de ces grandes m\u00e9tropoles r\u00e9gionales fran\u00e7aises qui sont encore sous une administration socialiste depuis de tr\u00e8s nombreuses ann\u00e9es et qu&rsquo;un tr\u00e8s gros travail de redressement est \u00e0 faire pour tourner cette page et ouvrir de nouvelles perspectives \u00e0 la ville. <\/p>\n<p class=\"ac-article-content__question wall-content\">Quel est votre programme pour cette ville ? Est-ce que vous avez r\u00e9fl\u00e9chi \u00e0 des mesures en particulier que vous voudriez voir appliqu\u00e9es \u00e0 Nantes ? <\/p>\n<p class=\" wall-content\"><strong class=\"color-primary\">J.C.H : <\/strong>Le projet, d&rsquo;abord \u00e7a repose sur un constat premier qui est celui du probl\u00e8me de l&rsquo;ins\u00e9curit\u00e9 \u00e0 Nantes. Je suis frapp\u00e9 du fait que c&rsquo;\u00e9tait une ville, qui, il y a quelques d\u00e9cennies passait pour l&rsquo;une des plus agr\u00e9ables et les plus paisibles de France et qu&rsquo;aujourd&rsquo;hui elle est toujours cit\u00e9e  quand il y a des faits divers, des probl\u00e8mes de violence, d&rsquo;immigration incontr\u00f4l\u00e9e et aussi d&rsquo;insalubrit\u00e9. Ce n&rsquo;est pas seulement une vue de l&rsquo;esprit. J&rsquo;\u00e9tais ce week-end avec des militants sur le march\u00e9 de Talensac \u00e0 la rencontre des \u00e9lecteurs. C&rsquo;est une pr\u00e9occupation qui revient de fa\u00e7on r\u00e9currente. <br \/>\u00c7a passe par un certain nombre de mesures concr\u00e8tes dont les plus imm\u00e9diates ou visibles seraient \u00e9videmment le renforcement de la police municipale, son armement et le d\u00e9veloppement des cam\u00e9ras de vid\u00e9osurveillance. Il y va de soi \u00e9galement que nous soutenons la cr\u00e9ation et l&rsquo;ouverture rapide du centre de r\u00e9tention administrative.<\/p>\n<p>Je souhaite aussi l&rsquo;ouverture et le rayonnement de la ville au sein de la grande agglom\u00e9ration nantaise. Je ne veux pas que la recherche de mobilit\u00e9 douce impos\u00e9e aux Nantais conduise \u00e0 fermer la ville. Tout est fait pour y rendre la circulation automobile extr\u00eamement difficile. Il faut repenser la circulation, l&rsquo;accessibilit\u00e9 de la ville.<\/p>\n<p>Enfin, je pense que les finances de la ville sont mal g\u00e9r\u00e9es. Il faut g\u00e9rer \u00e7a de fa\u00e7on plus sage mais  je ne suis pas de ceux qui consid\u00e8rent qu&rsquo;il faut prendre une tron\u00e7onneuse et couper des pans entiers de budget comme \u00e7a a pu \u00eatre fait \u00e0 la R\u00e9gion.<\/p>\n<p class=\"ac-article-content__question wall-content\">Vous avez rencontr\u00e9 des Nantais, que vous ont-ils dit exactement ?<\/p>\n<p class=\" wall-content\"><strong class=\"color-primary\">J.C.H : <\/strong>Les Nantais avec qui j&rsquo;ai pu parler me disent beaucoup la m\u00eame chose, c&rsquo;est-\u00e0-dire la ville a \u00e9norm\u00e9ment chang\u00e9, chang\u00e9 en mal. Vous savez comme moi ce qui s&rsquo;\u00e9tait pass\u00e9 lors de l&rsquo;incendie de la cath\u00e9drale (en 2020 N.D.L.R.) o\u00f9 on avait d\u00e9couvert que c&rsquo;\u00e9tait un r\u00e9fugi\u00e9 rwandais qui avait mis le feu \u00e0 l&rsquo;\u00e9difice faisant perdre un patrimoine national absolument inestimable : l&rsquo;orgue, qui \u00e9tait un exemple comme on n&rsquo;en avait pas d&rsquo;autres en France et qui est litt\u00e9ralement parti en fum\u00e9e. Il a ensuite assassin\u00e9 un pr\u00eatre qui l&rsquo;h\u00e9bergeait. <br \/>Donc on voit bien que les questions d&rsquo;ins\u00e9curit\u00e9 sont aussi li\u00e9es aux questions d&rsquo;immigration. <\/p>\n<p>Tout est aussi devenu pr\u00e9texte pour des d\u00e9gradations. Vous vous souvenez de ce qui s&rsquo;\u00e9tait pass\u00e9 lors de la victoire du Paris Saint-Germain, ce qui n&rsquo;\u00e9tait pas un \u00e9v\u00e9nement nantais en soi, mais qui a donn\u00e9 lieu quand m\u00eame \u00e0 des d\u00e9cha\u00eenements de violences. \u00c7a fait partie de cette culture ou cette contre-culture \u00e0 laquelle il faut mettre un terme.<\/p>\n<p>Votre r\u00e9gion, votre actu !<\/p>\n<p>Recevez chaque jour les infos qui comptent pour vous.<\/p>\n<p>\t<a href=\"https:\/\/actu.fr\/newsletter\" class=\"ac-btn ac-btn--corner ac-btn--medium ac-btn--blue800\" rel=\"nofollow noopener\" target=\"_blank\">S&rsquo;incrire<\/a><br \/>\n\u00ab\u2009Je ne suis pas dans les jeux d\u2019alliance\u2009\u00bb<\/p>\n<p class=\"ac-article-content__question wall-content\">Comment vous pr\u00e9parez-vous \u00e0 cette campagne ?<\/p>\n<p class=\" wall-content\"><strong class=\"color-primary\">J.C.H : <\/strong>On s&rsquo;y pr\u00e9pare d&rsquo;abord, bien s\u00fbr, en s&rsquo;immergeant dans la ville et dans les probl\u00e9matiques qui sont les siennes \u00e0 l&rsquo;heure actuelle  et aussi en allant \u00e0 la rencontre, comme je l&rsquo;ai fait dimanche dernier, des \u00e9lecteurs et des citoyens pour entendre, recueillir ce qu&rsquo;ils ont \u00e0 dire de fa\u00e7on \u00e0 r\u00e9pondre \u00e0 leurs attentes.<br \/>On s&rsquo;y pr\u00e9pare aussi par le travail avec les premiers colistiers : Christine Masson et Brian Pecqueur. <\/p>\n<p class=\"ac-article-content__question wall-content\">Que r\u00e9pondez-vous face aux critiques qui disent que vous n&rsquo;\u00eates pas Nantais ?<\/p>\n<p class=\" wall-content\"><strong class=\"color-primary\">J.C.H : <\/strong>\u00c7a c&rsquo;est facile comme critique ! Mais d&rsquo;abord il se trouve que j&rsquo;ai un travail qui pour l&rsquo;instant m&rsquo;oblige encore \u00e0 passer par Paris. Je suis domicili\u00e9 maintenant \u00e0 Nantes et c&rsquo;est tout \u00e0 fait l\u00e9gitime de me pr\u00e9senter et je pense avoir r\u00e9ellement la capacit\u00e9, la comp\u00e9tence pour apporter en me pr\u00e9sentant, une v\u00e9ritable opposition, une v\u00e9ritable alternative frontale \u00e0 la municipalit\u00e9 sortante. <\/p>\n<p class=\"ac-article-content__question wall-content\">Une alliance entre vous et Foulques Chombart de Lauwe est-elle possible ?<\/p>\n<p class=\" wall-content\"><strong class=\"color-primary\">J.C.H : <\/strong>Moi, je me projette dans mon ambition qui est d&rsquo;\u00eatre au second tour (en 2026, N.D.L.R) et de r\u00e9ussir \u00e0 prendre la place de Madame Rolland. Je ne suis pas dans des jeux d&rsquo;alliance avec les autres listes pour l&rsquo;instant. <\/p>\n<p class=\" wall-content\">Personnalisez votre actualit\u00e9 en ajoutant vos villes et m\u00e9dias en favori avec <a href=\"https:\/\/moncompte.actu.fr\" title=\"D\u00e9couvez Mon Actu\" rel=\"nofollow noopener\" data-trk=\"{&quot;cta&quot;:{&quot;action&quot;:&quot;https:\\\/\\\/moncompte.actu.fr&quot;,&quot;category&quot;:&quot;mon compte&quot;,&quot;from&quot;:&quot;article footer&quot;,&quot;name&quot;:&quot;Mon actu&quot;,&quot;type&quot;:&quot;cta&quot;}}\" target=\"_blank\">Mon Actu<\/a>.<\/p>\n","protected":false},"excerpt":{"rendered":"Par Laure Gentil Publi\u00e9 le 11 sept. 2025 \u00e0 18h10 Il doit affronter la maire sortante Johanna Rolland&hellip;\n","protected":false},"author":2,"featured_media":383263,"comment_status":"","ping_status":"","sticky":false,"template":"","format":"standard","meta":{"footnotes":""},"categories":[2818],"tags":[1111,11,4188,1777,674,1011,27,3434,766,12,2636,316,2556,25],"class_list":{"0":"post-383262","1":"post","2":"type-post","3":"status-publish","4":"format-standard","5":"has-post-thumbnail","7":"category-nantes","8":"tag-actu","9":"tag-actualites","10":"tag-elections-municipales","11":"tag-eu","12":"tag-europe","13":"tag-fr","14":"tag-france","15":"tag-municipales-2026","16":"tag-nantes","17":"tag-news","18":"tag-pays-de-la-loire","19":"tag-politique","20":"tag-rassemblement-national-rn","21":"tag-republique-francaise"},"share_on_mastodon":{"url":"https:\/\/pubeurope.com\/@fr\/115186737089263780","error":""},"_links":{"self":[{"href":"https:\/\/www.europesays.com\/fr\/wp-json\/wp\/v2\/posts\/383262","targetHints":{"allow":["GET"]}}],"collection":[{"href":"https:\/\/www.europesays.com\/fr\/wp-json\/wp\/v2\/posts"}],"about":[{"href":"https:\/\/www.europesays.com\/fr\/wp-json\/wp\/v2\/types\/post"}],"author":[{"embeddable":true,"href":"https:\/\/www.europesays.com\/fr\/wp-json\/wp\/v2\/users\/2"}],"replies":[{"embeddable":true,"href":"https:\/\/www.europesays.com\/fr\/wp-json\/wp\/v2\/comments?post=383262"}],"version-history":[{"count":0,"href":"https:\/\/www.europesays.com\/fr\/wp-json\/wp\/v2\/posts\/383262\/revisions"}],"wp:featuredmedia":[{"embeddable":true,"href":"https:\/\/www.europesays.com\/fr\/wp-json\/wp\/v2\/media\/383263"}],"wp:attachment":[{"href":"https:\/\/www.europesays.com\/fr\/wp-json\/wp\/v2\/media?parent=383262"}],"wp:term":[{"taxonomy":"category","embeddable":true,"href":"https:\/\/www.europesays.com\/fr\/wp-json\/wp\/v2\/categories?post=383262"},{"taxonomy":"post_tag","embeddable":true,"href":"https:\/\/www.europesays.com\/fr\/wp-json\/wp\/v2\/tags?post=383262"}],"curies":[{"name":"wp","href":"https:\/\/api.w.org\/{rel}","templated":true}]}}