{"id":383264,"date":"2025-09-11T17:01:12","date_gmt":"2025-09-11T17:01:12","guid":{"rendered":"https:\/\/www.europesays.com\/fr\/383264\/"},"modified":"2025-09-11T17:01:12","modified_gmt":"2025-09-11T17:01:12","slug":"qerys-leve-le-voile-sur-son-partenariat-avec-le-fabricant-chinois-dck","status":"publish","type":"post","link":"https:\/\/www.europesays.com\/fr\/383264\/","title":{"rendered":"Q\u00e9rys l\u00e8ve le voile sur son partenariat avec le fabricant chinois DCK"},"content":{"rendered":"<p class=\"legende\">\n\t\t\t\t\t\t\t\t\tFond\u00e9 il y a pr\u00e8s de 200 ans, le groupe est pilot\u00e9 depuis les origines par la famille Teisseire. Cr\u00e9dit : Q\u00e9rys\n\t\t\t\t\t\t\t\t<\/p>\n<p class=\"excerpt\">Le groupe familial girondin Q\u00e9rys renforce son offre en signant avec DCK, leader chinois des outils \u00e9lectroportatifs professionnels. Un deal exclusif et prometteur, qui porte ses premiers fruits sur le territoire fran\u00e7ais.<\/p>\n<p>Cet article premium vous int\u00e9resse ?<\/p>\n<p>Rejoignez nos 1000 adh\u00e9rents<\/p>\n<p>\n\t\t\t\t\t\t\t\t\t\t\t\t\t\tGagnez en visibilit\u00e9 et profitez d\u2019un r\u00e9seau de plusieurs centaines d\u2019adh\u00e9rents.\n\t\t\t\t\t\t\t\t\t\t\t\t\t<\/p>\n","protected":false},"excerpt":{"rendered":"Fond\u00e9 il y a pr\u00e8s de 200 ans, le groupe est pilot\u00e9 depuis les origines par la famille&hellip;\n","protected":false},"author":2,"featured_media":383265,"comment_status":"","ping_status":"","sticky":false,"template":"","format":"standard","meta":{"footnotes":""},"categories":[2817],"tags":[1111,11,1997,1777,674,1011,27,12,2219,5645,25],"class_list":{"0":"post-383264","1":"post","2":"type-post","3":"status-publish","4":"format-standard","5":"has-post-thumbnail","7":"category-bordeaux","8":"tag-actu","9":"tag-actualites","10":"tag-bordeaux","11":"tag-eu","12":"tag-europe","13":"tag-fr","14":"tag-france","15":"tag-news","16":"tag-nouvelle-aquitaine","17":"tag-placco-placeco","18":"tag-republique-francaise"},"share_on_mastodon":{"url":"https:\/\/pubeurope.com\/@fr\/115186741046705426","error":""},"_links":{"self":[{"href":"https:\/\/www.europesays.com\/fr\/wp-json\/wp\/v2\/posts\/383264","targetHints":{"allow":["GET"]}}],"collection":[{"href":"https:\/\/www.europesays.com\/fr\/wp-json\/wp\/v2\/posts"}],"about":[{"href":"https:\/\/www.europesays.com\/fr\/wp-json\/wp\/v2\/types\/post"}],"author":[{"embeddable":true,"href":"https:\/\/www.europesays.com\/fr\/wp-json\/wp\/v2\/users\/2"}],"replies":[{"embeddable":true,"href":"https:\/\/www.europesays.com\/fr\/wp-json\/wp\/v2\/comments?post=383264"}],"version-history":[{"count":0,"href":"https:\/\/www.europesays.com\/fr\/wp-json\/wp\/v2\/posts\/383264\/revisions"}],"wp:featuredmedia":[{"embeddable":true,"href":"https:\/\/www.europesays.com\/fr\/wp-json\/wp\/v2\/media\/383265"}],"wp:attachment":[{"href":"https:\/\/www.europesays.com\/fr\/wp-json\/wp\/v2\/media?parent=383264"}],"wp:term":[{"taxonomy":"category","embeddable":true,"href":"https:\/\/www.europesays.com\/fr\/wp-json\/wp\/v2\/categories?post=383264"},{"taxonomy":"post_tag","embeddable":true,"href":"https:\/\/www.europesays.com\/fr\/wp-json\/wp\/v2\/tags?post=383264"}],"curies":[{"name":"wp","href":"https:\/\/api.w.org\/{rel}","templated":true}]}}