{"id":383268,"date":"2025-09-11T17:03:11","date_gmt":"2025-09-11T17:03:11","guid":{"rendered":"https:\/\/www.europesays.com\/fr\/383268\/"},"modified":"2025-09-11T17:03:11","modified_gmt":"2025-09-11T17:03:11","slug":"voici-les-temps-forts-du-festival-le-plus-dejante-de-la-ville-rose","status":"publish","type":"post","link":"https:\/\/www.europesays.com\/fr\/383268\/","title":{"rendered":"voici les temps forts du festival le plus d\u00e9jant\u00e9 de la Ville rose\u00a0!"},"content":{"rendered":"<p>            Par<br \/>\n        <strong><br \/>\n            <a href=\"https:\/\/actu.fr\/auteur\/redaction-toulouse\" title=\"Consulter tous les articles de R\u00e9daction de Toulouse\" target=\"_blank\" rel=\"noopener\">R\u00e9daction de Toulouse<\/a><br \/>\n        <\/strong><\/p>\n<p>        Publi\u00e9 le<\/p>\n<p>            11 sept. 2025 \u00e0 18h46        <\/p>\n<p>Le <strong>Fifigrot<\/strong>, c\u2019est l\u2019autoproclam\u00e9 \u00a0\u00bb festival des premi\u00e8res fois \u00a0\u00bb : c\u2019est l\u00e0 que vous d\u00e9couvrirez, en avant-premi\u00e8re ou visibles nulle part ailleurs, des films in\u00e9dits, oubli\u00e9s, des raret\u00e9s, des ovnis cin\u00e9matographiques. Des films qui esquivent et ignorent la biens\u00e9ance, la nuance et la finesse avec une gr\u00e2ce qui n\u2019appartient qu\u2019\u00e0 eux. Et, cette ann\u00e9e encore, la programmation fait saliver !\u00a0<\/p>\n<p>Un h\u00f4te de marque : Pierre Richard<\/p>\n<p class=\" wall-content\">C\u00f4t\u00e9 invit\u00e9s, on a de l\u2019h\u00f4te de marque : <strong>Pierre Richard<\/strong> s\u2019il vous pla\u00eet, 91 ans au compteur et une verve intacte \u2013 son \u00a0\u00bb L\u2019homme qui a vu l\u2019ours qui a vu l\u2019homme \u00a0\u00bb \u2013 sa neuvi\u00e8me r\u00e9alisation en 45 ans \u2013 est assur\u00e9ment l\u2019un des films les plus attendus de cette quinzaine.<\/p>\n<p class=\" wall-content\">Il y aura aussi le passionnant <strong>Nadav Lapid<\/strong>, cin\u00e9aste isra\u00e9lien qui aime cogner l\u00e0 o\u00f9 \u00e7a fait mal. \u00a0\u00bb Oui \u00ab\u00a0, qui sera montr\u00e9 en avant-premi\u00e8re et en sa personne, part du massacre du 7-octobre 2023\u2026 Il y aura \u00e9galement Manon Clavel (\u00a0\u00bb Kika \u00ab\u00a0), l\u2019historien de cin\u00e9ma<strong> Jean-Baptiste Thoret<\/strong>, qui pr\u00e9sentera \u00a0\u00bb The Neon People \u00ab\u00a0, portrait des laiss\u00e9s pour compte de l\u2019Am\u00e9rique de Trump, l\u2019in\u00e9vitable et g\u00e9nial <strong>Beno\u00eet Del\u00e9pine<\/strong> (\u00a0\u00bb Animal Totem \u00ab\u00a0), le d\u00e9sopilant globe-trotteur <strong>Bruno L\u00e9andri<\/strong> et bien d\u2019autres.<\/p>\n<p>\u00ab\u00a0Un festival qui prend certaines libert\u00e9s !\u00a0\u00bb<\/p>\n<p class=\" wall-content\">Comment r\u00e9sumer l\u2019univers Fifigrot ?<strong> Guillaume Louradour<\/strong>, programmateur et \u00a0\u00bb v\u00e9t\u00e9ran \u00a0\u00bb du festival, s\u2019avoue en difficult\u00e9 pour r\u00e9pondre \u00e0 cette question, et c\u2019est tant mieux : Fifigrot n\u2019aime ni les cases, ni les \u00e9tiquettes : \u00ab\u00a0Il a 14 ans et c\u2019est un adolescent rebelle qui a de la gueule ! Plus de 200 b\u00e9n\u00e9voles nous aident \u00e0 en faire un festival multidisciplinaire \u2013 m\u00eame si tout a commenc\u00e9 avec le cin\u00e9ma \u2013 et on aura des expos, des concerts, de la litt\u00e9rature\u2026 Disons que c\u2019est un festival qui prend certaines libert\u00e9s et qui a la r\u00e9bellion joyeuse ! C\u2019est aussi un rendez-vous toulousain suivi, \u00e0 l\u2019instar de sa fameuse parade, qui sera cette ann\u00e9e notre Grande Transhumance, par un nombre toujours plus grand de fid\u00e8les !\u00a0\u00bb<\/p>\n<p class=\" wall-content\">On le sait depuis <strong>Moli\u00e8re<\/strong> (qui affirmait que \u00a0\u00bb le devoir de la com\u00e9die est de corriger les humains en les divertissant \u00ab\u00a0), <strong>Voltaire<\/strong> et <strong>Desproges<\/strong> : quand le rire se fait scalpel, il devient une arme subtile et efficace contre les travers humains. \u00a0\u00bb Il y a plusieurs mani\u00e8res diff\u00e9rentes de rire : le rire qui fait du bien, celui qui fait r\u00e9fl\u00e9chir, le rire jaune, l\u2019humour noir, et le <strong>pipicaca<\/strong> \u2013 \u00e7a aussi on sait faire \u00ab\u00a0, rigole le programmateur.<\/p>\n<p>Votre r\u00e9gion, votre actu !<\/p>\n<p>Recevez chaque jour les infos qui comptent pour vous.<\/p>\n<p>\t<a href=\"https:\/\/actu.fr\/newsletter\" class=\"ac-btn ac-btn--corner ac-btn--medium ac-btn--blue800\" target=\"_blank\" rel=\"noopener\">S&rsquo;incrire<\/a><br \/>\nRire gras, rire jaune, rire politique<\/p>\n<p class=\" wall-content\">Ses coups de c\u0153ur ? Ils sont nombreux ! \u00a0\u00bb Il y a un jeune r\u00e9alisateur, <strong>Martin Jauvat<\/strong>, qui pr\u00e9sentera son film Baise-en-ville\u00a0: c\u2019est absurde et superbe ! D\u2019ailleurs, sa compagne, Mahaut Adam, r\u00e9alisatrice de l\u2019excellent\u00a0Sam &amp; Lola, sera l\u00e0 elle aussi. J\u2019aime beaucoup les fr\u00e8res Mathias et Colas Rifkiss : leur \u00a0\u00bb Petite Graine \u00a0\u00bb est un objet cin\u00e9matographique aussi d\u00e9lirant que d\u00e9licieux ! C\u00f4t\u00e9 Toulousains, ne ratez pas \u00a0\u00bb Ma douze \u00a0\u00bb de Catherine Aira, portrait merveilleux de\u2026 fans des R12 ! \u00ab\u00a0Fifigrot propose <strong>une bonne et copieuse centaine de films<\/strong>, de rencontres, d\u2019expos et d\u2019animations. Faites confiance \u00e0 Guillaume Louradour et allez voir le plus de spectacles possibles. Histoire de faire le plein de bonne humeur avant d\u2019affronter la saison automne-hiver.<\/p>\n<p>14e Fifigrot, du 15 au 21 septembre. Prog\u2019 compl\u00e8te sur<a href=\"https:\/\/fifigrot.com\/\" target=\"_blank\" rel=\"noopener\"> fifigrot.com<\/a>.\u00a0<\/p>\n<p class=\" wall-content\">Personnalisez votre actualit\u00e9 en ajoutant vos villes et m\u00e9dias en favori avec <a href=\"https:\/\/moncompte.actu.fr\" title=\"D\u00e9couvez Mon Actu\" rel=\"nofollow noopener\" data-trk=\"{&quot;cta&quot;:{&quot;action&quot;:&quot;https:\\\/\\\/moncompte.actu.fr&quot;,&quot;category&quot;:&quot;mon compte&quot;,&quot;from&quot;:&quot;article footer&quot;,&quot;name&quot;:&quot;Mon actu&quot;,&quot;type&quot;:&quot;cta&quot;}}\" target=\"_blank\">Mon Actu<\/a>.<\/p>\n","protected":false},"excerpt":{"rendered":"Par R\u00e9daction de Toulouse Publi\u00e9 le 11 sept. 2025 \u00e0 18h46 Le Fifigrot, c\u2019est l\u2019autoproclam\u00e9 \u00a0\u00bb festival des&hellip;\n","protected":false},"author":2,"featured_media":383269,"comment_status":"","ping_status":"","sticky":false,"template":"","format":"standard","meta":{"footnotes":""},"categories":[2816],"tags":[1111,11,1777,674,1011,27,1652,12,2680,25,1341,2312],"class_list":{"0":"post-383268","1":"post","2":"type-post","3":"status-publish","4":"format-standard","5":"has-post-thumbnail","7":"category-toulouse","8":"tag-actu","9":"tag-actualites","10":"tag-eu","11":"tag-europe","12":"tag-fr","13":"tag-france","14":"tag-loisirs-culture","15":"tag-news","16":"tag-occitanie","17":"tag-republique-francaise","18":"tag-sortir-a-toulouse","19":"tag-toulouse"},"share_on_mastodon":{"url":"https:\/\/pubeurope.com\/@fr\/115186748939171125","error":""},"_links":{"self":[{"href":"https:\/\/www.europesays.com\/fr\/wp-json\/wp\/v2\/posts\/383268","targetHints":{"allow":["GET"]}}],"collection":[{"href":"https:\/\/www.europesays.com\/fr\/wp-json\/wp\/v2\/posts"}],"about":[{"href":"https:\/\/www.europesays.com\/fr\/wp-json\/wp\/v2\/types\/post"}],"author":[{"embeddable":true,"href":"https:\/\/www.europesays.com\/fr\/wp-json\/wp\/v2\/users\/2"}],"replies":[{"embeddable":true,"href":"https:\/\/www.europesays.com\/fr\/wp-json\/wp\/v2\/comments?post=383268"}],"version-history":[{"count":0,"href":"https:\/\/www.europesays.com\/fr\/wp-json\/wp\/v2\/posts\/383268\/revisions"}],"wp:featuredmedia":[{"embeddable":true,"href":"https:\/\/www.europesays.com\/fr\/wp-json\/wp\/v2\/media\/383269"}],"wp:attachment":[{"href":"https:\/\/www.europesays.com\/fr\/wp-json\/wp\/v2\/media?parent=383268"}],"wp:term":[{"taxonomy":"category","embeddable":true,"href":"https:\/\/www.europesays.com\/fr\/wp-json\/wp\/v2\/categories?post=383268"},{"taxonomy":"post_tag","embeddable":true,"href":"https:\/\/www.europesays.com\/fr\/wp-json\/wp\/v2\/tags?post=383268"}],"curies":[{"name":"wp","href":"https:\/\/api.w.org\/{rel}","templated":true}]}}