{"id":383270,"date":"2025-09-11T17:04:12","date_gmt":"2025-09-11T17:04:12","guid":{"rendered":"https:\/\/www.europesays.com\/fr\/383270\/"},"modified":"2025-09-11T17:04:12","modified_gmt":"2025-09-11T17:04:12","slug":"alcoolises-et-en-pleine-nuit-il-poursuivent-la-partie-de-chasse-tarnaise-dans-le-ciel-de-toulouse","status":"publish","type":"post","link":"https:\/\/www.europesays.com\/fr\/383270\/","title":{"rendered":"Alcoolis\u00e9s, et en pleine nuit, il poursuivent la partie de chasse tarnaise dans le ciel de Toulouse"},"content":{"rendered":"<p>            Par<br \/>\n        <strong><br \/>\n            <a href=\"https:\/\/actu.fr\/auteur\/david-saint-sernin\" title=\"Consulter tous les articles de David Saint-Sernin\" target=\"_blank\" rel=\"noopener\">David Saint-Sernin<\/a><br \/>\n        <\/strong><\/p>\n<p>        Publi\u00e9 le<\/p>\n<p>            11 sept. 2025 \u00e0 18h15        <\/p>\n<p>Les faits se sont produits en pleine nuit, mercredi 10\u00a0septembre 2025 rue des Sept Troubadours<a href=\"https:\/\/actu.fr\/toulouse\/\" target=\"_blank\" rel=\"noopener\"> \u00e0 Toulouse.<\/a> Il \u00e9tait 4\u00a0heures du matin quand les passants et riverains ont entendu <a href=\"https:\/\/actu.fr\/occitanie\/toulouse_31555\/toulouse-en-pleine-nuit-il-sort-son-fusil-et-tire-en-l-air-pour-mettre-fin-a-la-bagarre_62079931.html\" target=\"_blank\" rel=\"noopener\">un coup de feu.<\/a><\/p>\n<p class=\" wall-content\">Un nouveau r\u00e8glement de compte\u2009? Une rixe qui tourne mal au centre-ville de Toulouse\u2009? Pas vraiment\u2026<\/p>\n<p>Apr\u00e8s une partie de chasse dans le Tarn, une halte festive \u00e0 Toulouse<\/p>\n<p class=\" wall-content\">Ce tir isol\u00e9, qui a surpris en pleine nuit, a impliqu\u00e9 <strong>deux chasseurs<\/strong> d\u2019une trentaine d\u2019ann\u00e9es. Ils ont visiblement confondu le terrain de jeu des f\u00eatards toulousain avec une palombi\u00e8re b\u00e9arnaise.<\/p>\n<p class=\" wall-content\">\u00ab\u2009Ce sont deux jeunes originaires des Pyr\u00e9n\u00e9es-Atlantiques, qui rentraient d\u2019une partie de chasse dans le Tarn, et qui ont fait une halte \u00e0 Toulouse. Ils nous ont indiqu\u00e9 avoir fait la tourn\u00e9e des bars et avoir termin\u00e9 la soir\u00e9e au bar Oz (ex-Bod\u00e9ga dans l\u2019immeuble du T\u00e9l\u00e9gramme). Ils ont beaucoup bu\u2009\u00bb, indique une source polici\u00e8re \u00e0 Actu Toulouse.<\/p>\n<p class=\" wall-content\">L\u2019un des deux chasseurs est ensuite sorti du bar pour rejoindre sa voiture d\u2019o\u00f9 il a pris un fusil. Un fusil qui lui a servi \u00e0 tirer un coup de feu, en l\u2019air, certainement pas pour chasser les oies sauvages.<\/p>\n<p class=\" wall-content\">De retour dans le bar apr\u00e8s ce tir alcoolis\u00e9, les deux individus ont vu d\u00e9barquer la police alert\u00e9e par les riverains.<\/p>\n<p>Vid\u00e9os : en ce moment sur Actu\u00ab\u2009En \u00e9tat d\u2019ivresse\u2009\u00bb<\/p>\n<p class=\" wall-content\">\u00ab\u2009En \u00e9tat d\u2019ivresse, ils ont \u00e9t\u00e9 plac\u00e9s en garde \u00e0 vue. L\u2019un des deux individus a reconnu les faits. Ils avaient quatre fusils dans la voiture, et tout \u00e9tait en r\u00e8gle. Le fusil utilis\u00e9 pour le tir leur a \u00e9t\u00e9 imm\u00e9diatement confisqu\u00e9, puis rendu \u00e0 l\u2019issue de leur garde \u00e0 vue. Ils n\u2019\u00e9taient pas connus des services de police\u2009\u00bb, indique la m\u00eame source polici\u00e8re \u00e0 Actu Toulouse.<\/p>\n<p class=\" wall-content\">Ils seront prochainement convoqu\u00e9s dans leur juridiction paloise pour r\u00e9pondre de cet acte heureusement sans cons\u00e9quence.<\/p>\n<p class=\" wall-content\">Personnalisez votre actualit\u00e9 en ajoutant vos villes et m\u00e9dias en favori avec <a href=\"https:\/\/moncompte.actu.fr\" title=\"D\u00e9couvez Mon Actu\" rel=\"nofollow noopener\" data-trk=\"{&quot;cta&quot;:{&quot;action&quot;:&quot;https:\\\/\\\/moncompte.actu.fr&quot;,&quot;category&quot;:&quot;mon compte&quot;,&quot;from&quot;:&quot;article footer&quot;,&quot;name&quot;:&quot;Mon actu&quot;,&quot;type&quot;:&quot;cta&quot;}}\" target=\"_blank\">Mon Actu<\/a>.<\/p>\n","protected":false},"excerpt":{"rendered":"Par David Saint-Sernin Publi\u00e9 le 11 sept. 2025 \u00e0 18h15 Les faits se sont produits en pleine nuit,&hellip;\n","protected":false},"author":2,"featured_media":383271,"comment_status":"","ping_status":"","sticky":false,"template":"","format":"standard","meta":{"footnotes":""},"categories":[2816],"tags":[1111,11,4183,1777,674,118,1011,27,12,2680,1072,25,2312],"class_list":{"0":"post-383270","1":"post","2":"type-post","3":"status-publish","4":"format-standard","5":"has-post-thumbnail","7":"category-toulouse","8":"tag-actu","9":"tag-actualites","10":"tag-chasse","11":"tag-eu","12":"tag-europe","13":"tag-faits-divers","14":"tag-fr","15":"tag-france","16":"tag-news","17":"tag-occitanie","18":"tag-police","19":"tag-republique-francaise","20":"tag-toulouse"},"share_on_mastodon":{"url":"https:\/\/pubeurope.com\/@fr\/115186752893069476","error":""},"_links":{"self":[{"href":"https:\/\/www.europesays.com\/fr\/wp-json\/wp\/v2\/posts\/383270","targetHints":{"allow":["GET"]}}],"collection":[{"href":"https:\/\/www.europesays.com\/fr\/wp-json\/wp\/v2\/posts"}],"about":[{"href":"https:\/\/www.europesays.com\/fr\/wp-json\/wp\/v2\/types\/post"}],"author":[{"embeddable":true,"href":"https:\/\/www.europesays.com\/fr\/wp-json\/wp\/v2\/users\/2"}],"replies":[{"embeddable":true,"href":"https:\/\/www.europesays.com\/fr\/wp-json\/wp\/v2\/comments?post=383270"}],"version-history":[{"count":0,"href":"https:\/\/www.europesays.com\/fr\/wp-json\/wp\/v2\/posts\/383270\/revisions"}],"wp:featuredmedia":[{"embeddable":true,"href":"https:\/\/www.europesays.com\/fr\/wp-json\/wp\/v2\/media\/383271"}],"wp:attachment":[{"href":"https:\/\/www.europesays.com\/fr\/wp-json\/wp\/v2\/media?parent=383270"}],"wp:term":[{"taxonomy":"category","embeddable":true,"href":"https:\/\/www.europesays.com\/fr\/wp-json\/wp\/v2\/categories?post=383270"},{"taxonomy":"post_tag","embeddable":true,"href":"https:\/\/www.europesays.com\/fr\/wp-json\/wp\/v2\/tags?post=383270"}],"curies":[{"name":"wp","href":"https:\/\/api.w.org\/{rel}","templated":true}]}}