{"id":383272,"date":"2025-09-11T17:05:10","date_gmt":"2025-09-11T17:05:10","guid":{"rendered":"https:\/\/www.europesays.com\/fr\/383272\/"},"modified":"2025-09-11T17:05:10","modified_gmt":"2025-09-11T17:05:10","slug":"jaime-beaucoup-le-nord-il-y-a-un-public-merveilleux","status":"publish","type":"post","link":"https:\/\/www.europesays.com\/fr\/383272\/","title":{"rendered":"\u00ab J\u2019aime beaucoup le Nord, il y a un public merveilleux \u00bb"},"content":{"rendered":"<p>            Par<br \/>\n        <strong><br \/>\n            <a href=\"https:\/\/actu.fr\/auteur\/margot-nicodeme\" title=\"Consulter tous les articles de Margot Nicod\u00e8me\" rel=\"nofollow noopener\" target=\"_blank\">Margot Nicod\u00e8me<\/a><br \/>\n        <\/strong><\/p>\n<p>        Publi\u00e9 le<\/p>\n<p>            11 sept. 2025 \u00e0 18h35        <\/p>\n<p><b>Gilbert Montagn\u00e9 <\/b>est d\u2019une infinie gentillesse. Il s\u2019excuse, par t\u00e9l\u00e9phone, d\u2019un l\u00e9ger retard \u00e0 cause de l\u2019installation d\u2019un nouveau clavier, et \u00ab\u2009c\u2019est tr\u00e8s important\u2009\u00bb, sourit-il. Puis pendant les 20\u00a0minutes qui suivent,<b> il nous raconte son amour pour la sc\u00e8ne<\/b>, toujours intact, mais aussi<b> pour son public, multig\u00e9n\u00e9rationnel<\/b>. \u00ab\u2009J\u2019ai des petits enfants de 5-6\u00a0ans\u2026 et c\u2019est une r\u00e9compense extraordinaire. C\u2019est plus fort que les disques d\u2019or.\u2009\u00bb Samedi 13\u00a0septembre, il se produira \u00e0 <a href=\"https:\/\/actu.fr\/hauts-de-france\/croix_59163\" rel=\"nofollow noopener\" target=\"_blank\">Croix<\/a> (Nord), dans la m\u00e9tropole de Lille, \u00e0 l\u2019occasion d\u2019un concert \u00e9v\u00e9nement. C\u2019est gratuit et ouvert \u00e0 tous. Entretien avec un artiste incontournable, aux<b> 53\u00a0ans de carri\u00e8re<\/b>.<\/p>\n<p class=\"ac-article-content__question wall-content\">Lille actu\u2009: Prenez-vous toujours autant de plaisir \u00e0 monter sur sc\u00e8ne\u2009?<\/p>\n<p class=\" wall-content\">Chaque concert est tr\u00e8s important. M\u00eame apr\u00e8s 53\u00a0ans, je ne suis absolument pas blas\u00e9, je crois m\u00eame que j\u2019aime \u00e7a de plus en plus\u2009!<\/p>\n<p class=\"ac-article-content__question wall-content\">Vous avez un public multig\u00e9n\u00e9rationnel, qui est toujours au rendez-vous. Le ressentez-vous\u2009?<\/p>\n<p class=\" wall-content\">Bien s\u00fbr, c\u2019est m\u00eame plus qu\u2019avant\u2009! J\u2019ai des petits enfants maintenant, de 5-6\u00a0ans, et des gens beaucoup plus \u00e2g\u00e9s. C\u2019est une r\u00e9compense extraordinaire, et c\u2019est plus fort que les disques d\u2019or, vraiment. L\u2019or v\u00e9ritable, c\u2019est l\u2019amour que les gens me donnent, et moi j\u2019aime les trucs qu\u2019on ne peut pas acheter (rires).<\/p>\n<p class=\"ac-article-content__question wall-content\">Comment d\u00e9cririez-vous le public des Hauts-de-France\u2009?<\/p>\n<p class=\" wall-content\">J\u2019aime beaucoup le Nord de la France, il y a un public merveilleux, ce sont des gens qui ont du c\u0153ur. Moi j\u2019aime les gens qui se souviennent d\u2019o\u00f9 ils viennent, et c\u2019est mon cas. Je suis n\u00e9 \u00e0 M\u00e9nilmontant, un quartier populaire [de Paris, ndlr], mes parents vivaient dans un 43 m\u00b2 avec quatre enfants. Et puis quand j\u2019\u00e9tais enfant, nous allions souvent dans la r\u00e9gion, vers Wissant (dans le Pas-de-Calais), dans ce coin-l\u00e0, sur la c\u00f4te.<\/p>\n<p class=\"ac-article-content__question wall-content\">Avez-vous des projets musicaux\u2009?<\/p>\n<p class=\" wall-content\">Je suis en train de pr\u00e9parer un nouvel album, il y a 3-4 titres qui sortiront en novembre, et le reste en f\u00e9vrier\u00a02026. Ce sont des chansons originales, et je le vis tr\u00e8s sereinement, ce n\u2019est plus la course aux hits, etc. J\u2019ai juste envie de le faire, c\u2019est tout (rires)\u2009! Et je suis entour\u00e9 d\u2019une tr\u00e8s bonne \u00e9quipe, avec laquelle je travaille depuis longtemps.<\/p>\n<p class=\"ac-article-content__question wall-content\">La foule risque de venir tr\u00e8s nombreuse, samedi\u2026<\/p>\n<p class=\" wall-content\">Je n\u2019ai pas particip\u00e9 \u00e0 la tourn\u00e9e Stars 80, sauf dates exceptionnelles, bien que je respecte tout \u00e0 fait le concept. Mais je ne voulais pas chanter seulement deux chansons. Mon show fera 1\u2009h\u200945, et l\u2019important c\u2019est de dire \u00e0 tous que je les veux avec moi\u2009!<\/p>\n<p>Gilbert Montagn\u00e9 en concert \u00e0 Croix pour la F\u00eate du kiosque (parc de l\u2019h\u00f4tel de ville), samedi 13\u00a0septembre \u00e0 partir de 20\u2009h. La premi\u00e8re partie sera assur\u00e9e par Max Novik (The Voice, saison 12).<\/p>\n<p class=\" wall-content\">Personnalisez votre actualit\u00e9 en ajoutant vos villes et m\u00e9dias en favori avec <a href=\"https:\/\/moncompte.actu.fr\" title=\"D\u00e9couvez Mon Actu\" rel=\"nofollow noopener\" data-trk=\"{&quot;cta&quot;:{&quot;action&quot;:&quot;https:\\\/\\\/moncompte.actu.fr&quot;,&quot;category&quot;:&quot;mon compte&quot;,&quot;from&quot;:&quot;article footer&quot;,&quot;name&quot;:&quot;Mon actu&quot;,&quot;type&quot;:&quot;cta&quot;}}\" target=\"_blank\">Mon Actu<\/a>.<\/p>\n","protected":false},"excerpt":{"rendered":"Par Margot Nicod\u00e8me Publi\u00e9 le 11 sept. 2025 \u00e0 18h35 Gilbert Montagn\u00e9 est d\u2019une infinie gentillesse. Il s\u2019excuse,&hellip;\n","protected":false},"author":2,"featured_media":383273,"comment_status":"","ping_status":"","sticky":false,"template":"","format":"standard","meta":{"footnotes":""},"categories":[2815],"tags":[1111,11,1697,1777,674,1011,27,811,1307,1652,12,25],"class_list":{"0":"post-383272","1":"post","2":"type-post","3":"status-publish","4":"format-standard","5":"has-post-thumbnail","7":"category-lille","8":"tag-actu","9":"tag-actualites","10":"tag-concert","11":"tag-eu","12":"tag-europe","13":"tag-fr","14":"tag-france","15":"tag-hauts-de-france","16":"tag-lille","17":"tag-loisirs-culture","18":"tag-news","19":"tag-republique-francaise"},"share_on_mastodon":{"url":"https:\/\/pubeurope.com\/@fr\/115186756901697920","error":""},"_links":{"self":[{"href":"https:\/\/www.europesays.com\/fr\/wp-json\/wp\/v2\/posts\/383272","targetHints":{"allow":["GET"]}}],"collection":[{"href":"https:\/\/www.europesays.com\/fr\/wp-json\/wp\/v2\/posts"}],"about":[{"href":"https:\/\/www.europesays.com\/fr\/wp-json\/wp\/v2\/types\/post"}],"author":[{"embeddable":true,"href":"https:\/\/www.europesays.com\/fr\/wp-json\/wp\/v2\/users\/2"}],"replies":[{"embeddable":true,"href":"https:\/\/www.europesays.com\/fr\/wp-json\/wp\/v2\/comments?post=383272"}],"version-history":[{"count":0,"href":"https:\/\/www.europesays.com\/fr\/wp-json\/wp\/v2\/posts\/383272\/revisions"}],"wp:featuredmedia":[{"embeddable":true,"href":"https:\/\/www.europesays.com\/fr\/wp-json\/wp\/v2\/media\/383273"}],"wp:attachment":[{"href":"https:\/\/www.europesays.com\/fr\/wp-json\/wp\/v2\/media?parent=383272"}],"wp:term":[{"taxonomy":"category","embeddable":true,"href":"https:\/\/www.europesays.com\/fr\/wp-json\/wp\/v2\/categories?post=383272"},{"taxonomy":"post_tag","embeddable":true,"href":"https:\/\/www.europesays.com\/fr\/wp-json\/wp\/v2\/tags?post=383272"}],"curies":[{"name":"wp","href":"https:\/\/api.w.org\/{rel}","templated":true}]}}