{"id":383274,"date":"2025-09-11T17:06:11","date_gmt":"2025-09-11T17:06:11","guid":{"rendered":"https:\/\/www.europesays.com\/fr\/383274\/"},"modified":"2025-09-11T17:06:11","modified_gmt":"2025-09-11T17:06:11","slug":"tout-pres-de-lille-un-grand-marche-artisanal-organise-dans-le-parc-dun-chateau-ce-dimanche","status":"publish","type":"post","link":"https:\/\/www.europesays.com\/fr\/383274\/","title":{"rendered":"Tout pr\u00e8s de Lille, un grand march\u00e9 artisanal organis\u00e9 dans le parc d&rsquo;un ch\u00e2teau ce dimanche"},"content":{"rendered":"<p>            Par<br \/>\n        <strong><br \/>\n            <a href=\"https:\/\/actu.fr\/auteur\/nicolas-demollien\" title=\"Consulter tous les articles de Nicolas Demollien\" rel=\"nofollow noopener\" target=\"_blank\">Nicolas Demollien<\/a><br \/>\n        <\/strong><\/p>\n<p>        Publi\u00e9 le<\/p>\n<p>            11 sept. 2025 \u00e0 19h02        <\/p>\n<p>C\u2019est un \u00e9v\u00e9nement qui attire \u00e0 chaque fois de nombreux visiteurs. Il faut dire qu\u2019il a <b>tout pour plaire<\/b> \u00e0 seulement deux pas de <a href=\"https:\/\/actu.fr\/hauts-de-france\/lille_59350\" rel=\"nofollow noopener\" target=\"_blank\">Lille<\/a> (Nord) ! Ce dimanche 14 septembre 2025, un <b>march\u00e9 artisanal <\/b>vous attend dans le <b>parc du ch\u00e2teau de Robersart<\/b> \u00e0 <a href=\"https:\/\/actu.fr\/hauts-de-france\/wambrechies_59636\" rel=\"nofollow noopener\" target=\"_blank\">Wambrechies<\/a>. D\u00e9tails.<\/p>\n<p>Un march\u00e9 artisanal dans le parc d\u2019un ch\u00e2teau pr\u00e8s de Lille\u00a0<\/p>\n<p class=\" wall-content\">De 11h \u00e0 19h, vous aurez l\u2019occasion de vous promener au milieu des <b>stands de nombreux artisans et commer\u00e7ants<\/b>. Tous vous proposeront leurs cr\u00e9ations, objets et\/ou produits. L\u2019occasion de <b>faire quelques trouvailles<\/b> mais aussi de <b>rencontrer tous ces passionn\u00e9s<\/b>. Ils seront \u00ab\u00a0plusieurs dizaines\u00a0\u00bb \u00e0 vous accueillir selon les organisateurs.<\/p>\n<p class=\" wall-content\">Et pour que le moment soit vraiment parfait, vous pourrez vous <b>d\u00e9salt\u00e9rer et vous restaurer sur place<\/b> gr\u00e2ce \u00e0 plusieurs stands pr\u00eats \u00e0 vous accueillir.<\/p>\n<p class=\" wall-content\">On ne peut que vous conseiller d\u2019en profiter pour faire le tour du parc.\u00a0 Avec ses cheminements, espace d\u00e9tente, aire de jeux, fontaine, \u00e9tangs et arboretum \u00e9volutif, le lieu est id\u00e9al pour un moment de d\u00e9tente.<\/p>\n<p class=\" wall-content\">Plus d\u2019informations sur le site de la Ville : <a href=\"https:\/\/www.wambrechies.fr\/sur-votre-agenda\/marche-artisanal\" rel=\"nofollow noopener\" target=\"_blank\">wambrechies.fr<\/a><\/p>\n<p class=\" wall-content\">Personnalisez votre actualit\u00e9 en ajoutant vos villes et m\u00e9dias en favori avec <a href=\"https:\/\/moncompte.actu.fr\" title=\"D\u00e9couvez Mon Actu\" rel=\"nofollow noopener\" data-trk=\"{&quot;cta&quot;:{&quot;action&quot;:&quot;https:\\\/\\\/moncompte.actu.fr&quot;,&quot;category&quot;:&quot;mon compte&quot;,&quot;from&quot;:&quot;article footer&quot;,&quot;name&quot;:&quot;Mon actu&quot;,&quot;type&quot;:&quot;cta&quot;}}\" target=\"_blank\">Mon Actu<\/a>.<\/p>\n","protected":false},"excerpt":{"rendered":"Par Nicolas Demollien Publi\u00e9 le 11 sept. 2025 \u00e0 19h02 C\u2019est un \u00e9v\u00e9nement qui attire \u00e0 chaque fois&hellip;\n","protected":false},"author":2,"featured_media":383275,"comment_status":"","ping_status":"","sticky":false,"template":"","format":"standard","meta":{"footnotes":""},"categories":[2815],"tags":[1111,11,1777,674,1011,27,811,1307,1652,2089,12,25],"class_list":{"0":"post-383274","1":"post","2":"type-post","3":"status-publish","4":"format-standard","5":"has-post-thumbnail","7":"category-lille","8":"tag-actu","9":"tag-actualites","10":"tag-eu","11":"tag-europe","12":"tag-fr","13":"tag-france","14":"tag-hauts-de-france","15":"tag-lille","16":"tag-loisirs-culture","17":"tag-marche","18":"tag-news","19":"tag-republique-francaise"},"share_on_mastodon":{"url":"https:\/\/pubeurope.com\/@fr\/115186760829592889","error":""},"_links":{"self":[{"href":"https:\/\/www.europesays.com\/fr\/wp-json\/wp\/v2\/posts\/383274","targetHints":{"allow":["GET"]}}],"collection":[{"href":"https:\/\/www.europesays.com\/fr\/wp-json\/wp\/v2\/posts"}],"about":[{"href":"https:\/\/www.europesays.com\/fr\/wp-json\/wp\/v2\/types\/post"}],"author":[{"embeddable":true,"href":"https:\/\/www.europesays.com\/fr\/wp-json\/wp\/v2\/users\/2"}],"replies":[{"embeddable":true,"href":"https:\/\/www.europesays.com\/fr\/wp-json\/wp\/v2\/comments?post=383274"}],"version-history":[{"count":0,"href":"https:\/\/www.europesays.com\/fr\/wp-json\/wp\/v2\/posts\/383274\/revisions"}],"wp:featuredmedia":[{"embeddable":true,"href":"https:\/\/www.europesays.com\/fr\/wp-json\/wp\/v2\/media\/383275"}],"wp:attachment":[{"href":"https:\/\/www.europesays.com\/fr\/wp-json\/wp\/v2\/media?parent=383274"}],"wp:term":[{"taxonomy":"category","embeddable":true,"href":"https:\/\/www.europesays.com\/fr\/wp-json\/wp\/v2\/categories?post=383274"},{"taxonomy":"post_tag","embeddable":true,"href":"https:\/\/www.europesays.com\/fr\/wp-json\/wp\/v2\/tags?post=383274"}],"curies":[{"name":"wp","href":"https:\/\/api.w.org\/{rel}","templated":true}]}}