{"id":383276,"date":"2025-09-11T17:07:19","date_gmt":"2025-09-11T17:07:19","guid":{"rendered":"https:\/\/www.europesays.com\/fr\/383276\/"},"modified":"2025-09-11T17:07:19","modified_gmt":"2025-09-11T17:07:19","slug":"la-maison-des-yogis-le-nouveau-studio-de-yoga-intimiste-qui-fait-du-bien-a-marseille","status":"publish","type":"post","link":"https:\/\/www.europesays.com\/fr\/383276\/","title":{"rendered":"La Maison des Yogis, le nouveau studio de yoga intimiste qui fait du bien \u00e0 Marseille"},"content":{"rendered":"<p><strong>Un studio de yoga \u00e0 Marseille qui se veut convivial et intimiste<\/strong>&#13;<\/p>\n<p data-start=\"466\" data-end=\"844\"><strong data-start=\"466\" data-end=\"579\"><a href=\"https:\/\/www.eversports.fr\/s\/la-maison-des-yogis\" rel=\"nofollow noopener noreferrer\" target=\"_blank\">La Maison des Yogis<\/a> ouvre ses portes dans le 8e arrondissement de Marseille, \u00e0 deux pas de l\u2019avenue du Prado.<\/strong> Install\u00e9 dans un ancien appartement transform\u00e9 en cocon de bien-\u00eatre, ce studio unique offre une salle de 40 m\u00b2 pouvant accueillir 11 tapis. Ambiance intimiste, d\u00e9co chaleureuse et terrasse int\u00e9rieure en font un lieu o\u00f9 l\u2019on se sent imm\u00e9diatement comme chez soi.<\/p>\n<p>&#13;<\/p>\n<p data-start=\"466\" data-end=\"844\"><img loading=\"lazy\" decoding=\"async\" src=\"https:\/\/www.europesays.com\/fr\/wp-content\/uploads\/2025\/09\/maison-yogis-studio-yoga-marseille.jpg\" width=\"1536\" height=\"2048\" alt=\"maison-yogis-studio-yoga-marseille\"\/><\/p>\n<p>&#13;<br \/>\n<strong>Une offre compl\u00e8te de yoga et de sophrologie<\/strong>&#13;<\/p>\n<p data-start=\"897\" data-end=\"1255\"><strong data-start=\"897\" data-end=\"980\">Le studio propose une large palette de disciplines adapt\u00e9es \u00e0 tous les profils.<\/strong> Du Hatha Yoga au Yin Yoga, en passant par l\u2019Ashtanga Yoga, le Pilates et la sophrologie, les cours sont anim\u00e9s par des professeurs passionn\u00e9s et sp\u00e9cialis\u00e9s. D\u00e9butants ou confirm\u00e9s, chacun trouvera une pratique pour \u00e9voluer \u00e0 son rythme, dans une atmosph\u00e8re bienveillante.<\/p>\n<p>&#13;<\/p>\n<p data-start=\"897\" data-end=\"1255\"><img loading=\"lazy\" decoding=\"async\" src=\"https:\/\/www.europesays.com\/fr\/wp-content\/uploads\/2025\/09\/maison-yogis-studio-yoga-marseille-3.jpg\" width=\"1536\" height=\"2048\" alt=\"maison-yogis-studio-yoga-marseille\"\/><\/p>\n<p>&#13;<br \/>\n<strong>Des ateliers pour aller plus loin dans la pratique<\/strong>&#13;<\/p>\n<p data-start=\"1314\" data-end=\"1665\"><strong data-start=\"1314\" data-end=\"1398\">Chaque samedi apr\u00e8s-midi, la Maison des Yogis organise des ateliers th\u00e9matiques.<\/strong> Ayurveda, bases sonores, m\u00e9decines chinoises ou encore sophrologie\u00a0: autant d\u2019approches compl\u00e9mentaires pour enrichir sa pratique du yoga et \u00e9largir sa vision du bien-\u00eatre. Ces rendez-vous permettent aussi de cr\u00e9er du lien et de partager une exp\u00e9rience collective.<\/p>\n<p>&#13;<\/p>\n<p data-start=\"1314\" data-end=\"1665\"><img loading=\"lazy\" decoding=\"async\" src=\"https:\/\/www.europesays.com\/fr\/wp-content\/uploads\/2025\/09\/maison-yogis-studio-yoga-marseille-2.jpg\" width=\"1536\" height=\"2048\" alt=\"maison-yogis-studio-yoga-marseille\"\/><\/p>\n<p>&#13;<br \/>\n<strong>Un lieu pens\u00e9 comme une maison du bien-\u00eatre<\/strong>&#13;<\/p>\n<p data-start=\"1717\" data-end=\"2097\"><strong data-start=\"1717\" data-end=\"1830\">Plus qu\u2019un studio de yoga \u00e0 Marseille, la Maison des Yogis se vit comme une v\u00e9ritable maison de convivialit\u00e9.<\/strong> Avec sa cuisine pour pr\u00e9parer des boissons, son vestiaire pratique et sa terrasse int\u00e9rieure, tout est con\u00e7u pour que l\u2019on s\u2019y sente accueilli et d\u00e9tendu. La personnalit\u00e9 rayonnante de Christelle, la fondatrice, insuffle un esprit joyeux qui rend l\u2019endroit unique.<\/p>\n<p>&#13;<\/p>\n<p data-start=\"1717\" data-end=\"2097\"><img loading=\"lazy\" decoding=\"async\" src=\"https:\/\/www.europesays.com\/fr\/wp-content\/uploads\/2025\/09\/maison-yogis-studio-yoga-marseille-1.jpg\" width=\"1536\" height=\"2048\" alt=\"maison-yogis-studio-yoga-marseille\"\/><\/p>\n<p>&#13;<br \/>\n<strong>Un yoga accessible \u00e0 tous<\/strong>&#13;<\/p>\n<p data-start=\"2147\" data-end=\"2458\"><strong data-start=\"2147\" data-end=\"2223\">La Maison des Yogis veut rendre le yoga accessible au plus grand nombre.<\/strong> Ouverte \u00e0 tous les publics, sans distinction d\u2019\u00e2ge ou de niveau, elle propose une pratique simple, joyeuse et tourn\u00e9e vers le bien-\u00eatre. Une adresse \u00e0 d\u00e9couvrir absolument pour s\u2019offrir un moment hors du temps, au c\u0153ur de Marseille.<\/p>\n<p>&#13;<\/p>\n<p data-start=\"2147\" data-end=\"2458\"><strong>La Maison des Yogis<\/strong><br \/><strong>39 rue Borde &#8211; Marseille 8e<\/strong><br \/><strong>T\u00e9l.\u00a0: +33 6 09 64 95 01<\/strong><br \/><strong><a href=\"https:\/\/www.eversports.fr\/s\/la-maison-des-yogis\" rel=\"nofollow noopener noreferrer\" target=\"_blank\">R\u00e9servations<\/a> &#8211; <a href=\"https:\/\/www.instagram.com\/lamaison.desyogis\/\" rel=\"nofollow noopener noreferrer\" target=\"_blank\">Instagram<\/a> &#8211; <a href=\"https:\/\/www.facebook.com\/profile.php?id=61574697674378\" rel=\"nofollow noopener noreferrer\" target=\"_blank\">Facebook<\/a><\/strong><\/p>\n<p><script async src=\"\/\/www.instagram.com\/embed.js\"><\/script><\/p>\n","protected":false},"excerpt":{"rendered":"Un studio de yoga \u00e0 Marseille qui se veut convivial et intimiste&#13; La Maison des Yogis ouvre ses&hellip;\n","protected":false},"author":2,"featured_media":383277,"comment_status":"","ping_status":"","sticky":false,"template":"","format":"standard","meta":{"footnotes":""},"categories":[2814],"tags":[1111,11,1777,674,1011,27,884,12,882,25],"class_list":{"0":"post-383276","1":"post","2":"type-post","3":"status-publish","4":"format-standard","5":"has-post-thumbnail","7":"category-marseille","8":"tag-actu","9":"tag-actualites","10":"tag-eu","11":"tag-europe","12":"tag-fr","13":"tag-france","14":"tag-marseille","15":"tag-news","16":"tag-provence-alpes-cote-dazur","17":"tag-republique-francaise"},"share_on_mastodon":{"url":"https:\/\/pubeurope.com\/@fr\/115186765338528666","error":""},"_links":{"self":[{"href":"https:\/\/www.europesays.com\/fr\/wp-json\/wp\/v2\/posts\/383276","targetHints":{"allow":["GET"]}}],"collection":[{"href":"https:\/\/www.europesays.com\/fr\/wp-json\/wp\/v2\/posts"}],"about":[{"href":"https:\/\/www.europesays.com\/fr\/wp-json\/wp\/v2\/types\/post"}],"author":[{"embeddable":true,"href":"https:\/\/www.europesays.com\/fr\/wp-json\/wp\/v2\/users\/2"}],"replies":[{"embeddable":true,"href":"https:\/\/www.europesays.com\/fr\/wp-json\/wp\/v2\/comments?post=383276"}],"version-history":[{"count":0,"href":"https:\/\/www.europesays.com\/fr\/wp-json\/wp\/v2\/posts\/383276\/revisions"}],"wp:featuredmedia":[{"embeddable":true,"href":"https:\/\/www.europesays.com\/fr\/wp-json\/wp\/v2\/media\/383277"}],"wp:attachment":[{"href":"https:\/\/www.europesays.com\/fr\/wp-json\/wp\/v2\/media?parent=383276"}],"wp:term":[{"taxonomy":"category","embeddable":true,"href":"https:\/\/www.europesays.com\/fr\/wp-json\/wp\/v2\/categories?post=383276"},{"taxonomy":"post_tag","embeddable":true,"href":"https:\/\/www.europesays.com\/fr\/wp-json\/wp\/v2\/tags?post=383276"}],"curies":[{"name":"wp","href":"https:\/\/api.w.org\/{rel}","templated":true}]}}