{"id":383280,"date":"2025-09-11T17:09:14","date_gmt":"2025-09-11T17:09:14","guid":{"rendered":"https:\/\/www.europesays.com\/fr\/383280\/"},"modified":"2025-09-11T17:09:14","modified_gmt":"2025-09-11T17:09:14","slug":"pas-dexces-de-mortalite-dans-le-rhone","status":"publish","type":"post","link":"https:\/\/www.europesays.com\/fr\/383280\/","title":{"rendered":"pas d\u2019exc\u00e8s de mortalit\u00e9 dans le Rh\u00f4ne"},"content":{"rendered":"<p>La France a connu du 8 au 18\u00a0ao\u00fbt 2025 sa deuxi\u00e8me vague de chaleur de l\u2019\u00e9t\u00e9 et celle-ci s\u2019est sold\u00e9e par un exc\u00e8s d\u2019au moins 280 d\u00e9c\u00e8s toutes causes confondues (+\u00a04,7\u00a0%), selon un bilan provisoire rendu public par Sant\u00e9 publique France (SPF) ce 11\u00a0septembre.<\/p>\n<p>Cependant, m\u00eame s\u2019il fait partie des d\u00e9partements concern\u00e9s, le Rh\u00f4ne n\u2019a pas \u00e9t\u00e9 touch\u00e9 par cette surmortalit\u00e9. Plus g\u00e9n\u00e9ralement, ni Auvergne-Rh\u00f4ne-Alpes ni le Centre-Val-de-Loire\u00a0ne pr\u00e9sentent d\u2019exc\u00e8s de mortalit\u00e9 alors que plusieurs d\u00e9partements de ces r\u00e9gions ont \u00e9t\u00e9 concern\u00e9s par l\u2019\u00e9pisode de canicule qui a touch\u00e9\u00a041 d\u00e9partements au total. Dans le Rh\u00f4ne, <a href=\"https:\/\/www.leprogres.fr\/environnement\/2025\/08\/12\/canicule-lyon-suffoque-un-record-battu-dans-le-rhone-vigilance-rouge-maintenue-mercredi\" target=\"_blank\" rel=\"noopener\">une temp\u00e9rature maximale de 39,6\u00a0\u00b0C<\/a> avait \u00e9t\u00e9 enregistr\u00e9e (contre 40,5\u00a0\u00b0C en ao\u00fbt\u00a02003).<\/p>\n<p>Apr\u00e8s le 1er \u00a0\u00e9pisode de canicule de l\u2019\u00e9t\u00e9, du 19\u00a0juin au 6\u00a0juillet, un exc\u00e8s d\u2019au moins 480 d\u00e9c\u00e8s toutes causes confondues (+5,5\u00a0%) avait \u00e9t\u00e9 recens\u00e9 par SPF dans l\u2019hexagone. Le Rh\u00f4ne avait alors \u00e9t\u00e9 concern\u00e9 (dans une fourchette de 0 \u00e0 10\u00a0%, selon une carte de SPF).<\/p>\n<p>L\u2019estimation compl\u00e8te de l\u2019exc\u00e8s de d\u00e9c\u00e8s d\u00fb \u00e0 la canicule sera disponible dans le bilan estival r\u00e9alis\u00e9 \u00e0 l\u2019automne apr\u00e8s la fin de la p\u00e9riode de surveillance, pr\u00e9cise SPF.<\/p>\n","protected":false},"excerpt":{"rendered":"La France a connu du 8 au 18\u00a0ao\u00fbt 2025 sa deuxi\u00e8me vague de chaleur de l\u2019\u00e9t\u00e9 et celle-ci&hellip;\n","protected":false},"author":2,"featured_media":383281,"comment_status":"","ping_status":"","sticky":false,"template":"","format":"standard","meta":{"footnotes":""},"categories":[1889],"tags":[1111,11,2430,3152,2757,3153,3154,3155,3156,1777,674,107,1011,27,2428,2756,12,25,2429,71],"class_list":{"0":"post-383280","1":"post","2":"type-post","3":"status-publish","4":"format-standard","5":"has-post-thumbnail","7":"category-lyon","8":"tag-actu","9":"tag-actualites","10":"tag-auvergne-rhone-alpes","11":"tag-edition-est-lyonnais","12":"tag-edition-lyon-villeurbanne","13":"tag-edition-ouest-lyonnais","14":"tag-edition-sud-lyonnais","15":"tag-edition-tarare","16":"tag-edition-villefranche","17":"tag-eu","18":"tag-europe","19":"tag-fil-info","20":"tag-fr","21":"tag-france","22":"tag-lyon","23":"tag-lyon-bassin","24":"tag-news","25":"tag-republique-francaise","26":"tag-rhone","27":"tag-sante"},"share_on_mastodon":{"url":"https:\/\/pubeurope.com\/@fr\/115186772493918023","error":""},"_links":{"self":[{"href":"https:\/\/www.europesays.com\/fr\/wp-json\/wp\/v2\/posts\/383280","targetHints":{"allow":["GET"]}}],"collection":[{"href":"https:\/\/www.europesays.com\/fr\/wp-json\/wp\/v2\/posts"}],"about":[{"href":"https:\/\/www.europesays.com\/fr\/wp-json\/wp\/v2\/types\/post"}],"author":[{"embeddable":true,"href":"https:\/\/www.europesays.com\/fr\/wp-json\/wp\/v2\/users\/2"}],"replies":[{"embeddable":true,"href":"https:\/\/www.europesays.com\/fr\/wp-json\/wp\/v2\/comments?post=383280"}],"version-history":[{"count":0,"href":"https:\/\/www.europesays.com\/fr\/wp-json\/wp\/v2\/posts\/383280\/revisions"}],"wp:featuredmedia":[{"embeddable":true,"href":"https:\/\/www.europesays.com\/fr\/wp-json\/wp\/v2\/media\/383281"}],"wp:attachment":[{"href":"https:\/\/www.europesays.com\/fr\/wp-json\/wp\/v2\/media?parent=383280"}],"wp:term":[{"taxonomy":"category","embeddable":true,"href":"https:\/\/www.europesays.com\/fr\/wp-json\/wp\/v2\/categories?post=383280"},{"taxonomy":"post_tag","embeddable":true,"href":"https:\/\/www.europesays.com\/fr\/wp-json\/wp\/v2\/tags?post=383280"}],"curies":[{"name":"wp","href":"https:\/\/api.w.org\/{rel}","templated":true}]}}