{"id":383282,"date":"2025-09-11T17:10:12","date_gmt":"2025-09-11T17:10:12","guid":{"rendered":"https:\/\/www.europesays.com\/fr\/383282\/"},"modified":"2025-09-11T17:10:12","modified_gmt":"2025-09-11T17:10:12","slug":"le-patron-de-la-police-se-dit-tres-satisfait-du-travail-des-forces-de-lordre","status":"publish","type":"post","link":"https:\/\/www.europesays.com\/fr\/383282\/","title":{"rendered":"le patron de la police se dit \u00ab\u00a0tr\u00e8s satisfait\u00a0\u00bb du travail des forces de l\u2019ordre"},"content":{"rendered":"<p>\u00ab\u00a0Les manifestants ne sont pas all\u00e9s o\u00f9 nous ne voulions pas qu\u2019ils aillent. \u00bb<\/p>\n<p>Au lendemain de la journ\u00e9e de manifestations du 10\u00a0septembre, Nelson Bouard, directeur interd\u00e9partemental de la police nationale (DIPN), se dit \u00ab\u00a0tr\u00e8s satisfait de la mani\u00e8re dont nos policiers ont agi\u00a0\u00bb. Il souligne \u00ab\u00a0la qualit\u00e9 de leur travail, leur courage et leur ma\u00eetrise, sur une journ\u00e9e longue et harassante\u00a0\u00bb qui a permis de respecter la feuille de route donn\u00e9e par le ministre de l\u2019Int\u00e9rieur.<\/p>\n<p>Pr&amp;e&#8230;<\/p>\n","protected":false},"excerpt":{"rendered":"\u00ab\u00a0Les manifestants ne sont pas all\u00e9s o\u00f9 nous ne voulions pas qu\u2019ils aillent. \u00bb Au lendemain de la&hellip;\n","protected":false},"author":2,"featured_media":383283,"comment_status":"","ping_status":"","sticky":false,"template":"","format":"standard","meta":{"footnotes":""},"categories":[1889],"tags":[1111,11,2430,271,272,3152,2757,3153,3154,3155,3156,1777,674,274,107,1011,27,2428,2756,12,25,2429],"class_list":{"0":"post-383282","1":"post","2":"type-post","3":"status-publish","4":"format-standard","5":"has-post-thumbnail","7":"category-lyon","8":"tag-actu","9":"tag-actualites","10":"tag-auvergne-rhone-alpes","11":"tag-crime","12":"tag-delit-et-contravention","13":"tag-edition-est-lyonnais","14":"tag-edition-lyon-villeurbanne","15":"tag-edition-ouest-lyonnais","16":"tag-edition-sud-lyonnais","17":"tag-edition-tarare","18":"tag-edition-villefranche","19":"tag-eu","20":"tag-europe","21":"tag-faits-divers-justice","22":"tag-fil-info","23":"tag-fr","24":"tag-france","25":"tag-lyon","26":"tag-lyon-bassin","27":"tag-news","28":"tag-republique-francaise","29":"tag-rhone"},"share_on_mastodon":{"url":"https:\/\/pubeurope.com\/@fr\/115186776327471729","error":""},"_links":{"self":[{"href":"https:\/\/www.europesays.com\/fr\/wp-json\/wp\/v2\/posts\/383282","targetHints":{"allow":["GET"]}}],"collection":[{"href":"https:\/\/www.europesays.com\/fr\/wp-json\/wp\/v2\/posts"}],"about":[{"href":"https:\/\/www.europesays.com\/fr\/wp-json\/wp\/v2\/types\/post"}],"author":[{"embeddable":true,"href":"https:\/\/www.europesays.com\/fr\/wp-json\/wp\/v2\/users\/2"}],"replies":[{"embeddable":true,"href":"https:\/\/www.europesays.com\/fr\/wp-json\/wp\/v2\/comments?post=383282"}],"version-history":[{"count":0,"href":"https:\/\/www.europesays.com\/fr\/wp-json\/wp\/v2\/posts\/383282\/revisions"}],"wp:featuredmedia":[{"embeddable":true,"href":"https:\/\/www.europesays.com\/fr\/wp-json\/wp\/v2\/media\/383283"}],"wp:attachment":[{"href":"https:\/\/www.europesays.com\/fr\/wp-json\/wp\/v2\/media?parent=383282"}],"wp:term":[{"taxonomy":"category","embeddable":true,"href":"https:\/\/www.europesays.com\/fr\/wp-json\/wp\/v2\/categories?post=383282"},{"taxonomy":"post_tag","embeddable":true,"href":"https:\/\/www.europesays.com\/fr\/wp-json\/wp\/v2\/tags?post=383282"}],"curies":[{"name":"wp","href":"https:\/\/api.w.org\/{rel}","templated":true}]}}