{"id":383284,"date":"2025-09-11T17:12:18","date_gmt":"2025-09-11T17:12:18","guid":{"rendered":"https:\/\/www.europesays.com\/fr\/383284\/"},"modified":"2025-09-11T17:12:18","modified_gmt":"2025-09-11T17:12:18","slug":"tetes-de-cochon-devant-des-mosquees-les-suspects-les-ont-achetees-a-un-agriculteur-de-seine-maritime","status":"publish","type":"post","link":"https:\/\/www.europesays.com\/fr\/383284\/","title":{"rendered":"T\u00eates de cochon devant des mosqu\u00e9es\u00a0: les suspects les ont achet\u00e9es \u00e0 un agriculteur de Seine-Maritime"},"content":{"rendered":"<p>Information ICI Normandie\u00a0: des individus de nationalit\u00e9s \u00e9trang\u00e8res ont d\u00e9pos\u00e9 des t\u00eates de cochon devant plusieurs mosqu\u00e9es de la r\u00e9gion parisienne. Ces t\u00eates porcines ont \u00e9t\u00e9 achet\u00e9es \u00e0 un agriculteur du Pays de Caux, en Seine-Maritime.<\/p>\n<p><a class=\"IciLink ici-link IciArticleLink g-ici-body-regular-1 underline brand svelte-lu7k6w\" href=\"https:\/\/www.francebleu.fr\/infos\/faits-divers-justice\/des-tetes-de-cochon-decouvertes-devant-des-mosquees-en-ile-de-france-4677097\" rel=\"nofollow noopener\" target=\"_blank\"><strong>Plusieurs t\u00eates de cochon ont \u00e9t\u00e9 d\u00e9pos\u00e9es devant plusieurs mosqu\u00e9es<\/strong><\/a>\u00a0de la r\u00e9gion parisienne dans la nuit du lundi 8 au mardi 9 septembre 2025. Ces t\u00eates animales avaient \u00e9t\u00e9 achet\u00e9es aupr\u00e8s d&rsquo;un <strong>agriculteur du Pays de Caux<\/strong>, en Seine-Maritime, apprend\u00a0<a class=\"IciLink ici-link IciArticleLink g-ici-body-regular-1 underline brand svelte-lu7k6w\" href=\"https:\/\/www.francebleu.fr\/radio\/normandie-rouen\" rel=\"nofollow noopener\" target=\"_blank\">ICI Normandie<\/a>\u00a0de sources judiciaires concordantes. Selon nos informations, l&rsquo;homme a trouv\u00e9 curieux que des\u00a0\u00e9trangers viennent lui acheter une dizaine de t\u00eates de cochon. Selon lui,\u00a0la plaque d\u2019immatriculation de leur v\u00e9hicule \u00e9tait serbe. Mercredi 10 septembre,\u00a0il a contact\u00e9 directement la brigade de gendarmerie la plus proche pour signaler les faits.<\/p>\n<p>Neuf t\u00eates de cochon d\u00e9couvertes<\/p>\n<p>Des cam\u00e9ras de vid\u00e9oprotection ont pu \u00e9tablir que c\u2019est avec ce m\u00eame v\u00e9hicule que ces personnes sont arriv\u00e9es \u00e0 Paris, pr\u00e8s du quartier d&rsquo;Oberkampf, dans la nuit de lundi \u00e0 mardi<a class=\"IciLink ici-link IciArticleLink g-ici-body-regular-1 underline brand svelte-lu7k6w\" href=\"https:\/\/www.francebleu.fr\/infos\/faits-divers-justice\/document-ici-les-images-de-l-homme-qui-depose-une-tete-de-cochon-devant-la-mosquee-de-montreuil-1024083\" rel=\"nofollow noopener\" target=\"_blank\">. Sur ces images, les enqu\u00eateurs ont pu constater que deux hommes ont d\u00e9pos\u00e9 les t\u00eates devant un certain nombre de mosqu\u00e9e<\/a>s.\u00a0Mardi matin, au moins neuf t\u00eates de cochon ont \u00e9t\u00e9 d\u00e9couvertes devant des mosqu\u00e9es en Ile-de-France. Quatre ont \u00e9t\u00e9 retrouv\u00e9es \u00e0 Paris, et cinq dans sa banlieue proche, dont Montrouge (Hauts-de-Seine), Malakoff (Hauts-de-Seine), Montreuil (Seine-Saint-Denis), et Gentilly (Val-de-Marne), a appris le service police-justice de\u00a0<a target=\"_blank\" rel=\"external nofollow noopener\" class=\"IciLink ici-link IciArticleLink g-ici-body-regular-1 underline brand svelte-lu7k6w\" href=\"https:\/\/www.franceinfo.fr\/\">franceinfo<\/a>\u00a0aupr\u00e8s du parquet de Paris, en charge de l\u2019enqu\u00eate.<\/p>\n<p>\u00c0 lire aussi   <img decoding=\"async\" src=\"https:\/\/www.europesays.com\/fr\/wp-content\/uploads\/2025\/09\/1757610737_482_560x315\" alt=\"Un homme film\u00e9 par la cam\u00e9ra de surveillance devant la mosqu\u00e9e Islah \u00e0 Montreuil (Seine-Saint-Denis)\" style=\"--_image-preview:url('data:image\/jpeg;base64,\/9j\/2wBDACgcHiMeGSgjISMtKygwPGRBPDc3PHtYXUlkkYCZlo+AjIqgtObDoKrarYqMyP\/L2u71\/\/\/\/m8H\/\/\/\/6\/+b9\/\/j\/2wBDASstLTw1PHZBQXb4pYyl+Pj4+Pj4+Pj4+Pj4+Pj4+Pj4+Pj4+Pj4+Pj4+Pj4+Pj4+Pj4+Pj4+Pj4+Pj4+Pj4+Pj\/wAARCAAXACoDASIAAhEBAxEB\/8QAFwABAQEBAAAAAAAAAAAAAAAAAAECA\/\/EABUQAQEAAAAAAAAAAAAAAAAAAAAB\/8QAFgEBAQEAAAAAAAAAAAAAAAAAAAEC\/8QAFREBAQAAAAAAAAAAAAAAAAAAABH\/2gAMAwEAAhEDEQA\/AOMajMaRFSiEaSooQakUFYRAVoAB\/9k=');\" loading=\"lazy\" fetchpriority=\"low\" aria-hidden=\"true\" class=\"svelte-1pnmlwx rounded\" onload=\"this.__e=event\" onerror=\"this.__e=event\"\/>Ing\u00e9rence \u00e9trang\u00e8re<\/p>\n<p>Selon le parquet, les suspects \u00ab\u00a0sont susceptibles d\u2019avoir utilis\u00e9 une ligne de t\u00e9l\u00e9phone croate, dont le suivi atteste d\u2019un franchissement de la fronti\u00e8re franco-belge d\u00e8s le mardi matin, apr\u00e8s la commission des faits\u00a0\u00bb. Selon le parquet de Paris, les suspects ont quitt\u00e9 le territoire fran\u00e7ais. <a class=\"IciLink ici-link IciArticleLink g-ici-body-regular-1 underline brand svelte-lu7k6w\" href=\"https:\/\/www.francebleu.fr\/infos\/faits-divers-justice\/des-personnes-de-nationalite-etrangere-ont-depose-les-neuf-tetes-de-cochon-devant-des-mosquees-d-ile-de-france-9744381\" rel=\"nofollow noopener\" target=\"_blank\">La piste de l&rsquo;ing\u00e9rence \u00e9trang\u00e8re est privil\u00e9gi\u00e9e.<\/a>\u00a0Le parquet de Paris pr\u00e9cise qu&rsquo;il y a <strong>une \u00ab\u00a0volont\u00e9 manifeste de provoquer le trouble au sein de la nation fran\u00e7aise\u00a0\u00bb.<\/strong><\/p>\n<p>L&rsquo;enqu\u00eate se poursuit pour \u00ab\u00a0violences volontaires sans incapacit\u00e9 en raison de l&rsquo;appartenance ou de la non-appartenance, vraie ou suppos\u00e9e, de la victime \u00e0 une ethnie, une nation, une pr\u00e9tendue race ou une religion d\u00e9termin\u00e9e, commises dans le but de servir les int\u00e9r\u00eats d&rsquo;une puissance \u00e9trang\u00e8re ou d&rsquo;une entreprise ou d&rsquo;une organisation \u00e9trang\u00e8re, ou sous contr\u00f4le \u00e9tranger\u00a0\u00bb (d\u00e9lit passible de six ans de prison) et pour \u00ab\u00a0provocation publique \u00e0 la haine ou \u00e0 la violence en raison de l&rsquo;origine, l&rsquo;ethnie, la nation, la race ou la religion\u00a0\u00bb (d\u00e9lit passible d&rsquo;un an de prison). L&rsquo;enqu\u00eate est men\u00e9e par la brigade criminelle et la police judiciaire de la Pr\u00e9fecture de police de Paris.<\/p>\n<p>\u00c0 lire aussi   <img decoding=\"async\" src=\"https:\/\/www.europesays.com\/fr\/wp-content\/uploads\/2025\/09\/1757610738_597_560x315\" alt=\"Des t\u00eates de cochon a \u00e9t\u00e9 d\u00e9pos\u00e9es devant plusieurs mosqu\u00e9e d'Ile-de-France dont la mosqu\u00e9e Islah \u00e0 Montreuil (93)\" style=\"--_image-preview:url('data:image\/jpeg;base64,\/9j\/2wBDACgcHiMeGSgjISMtKygwPGRBPDc3PHtYXUlkkYCZlo+AjIqgtObDoKrarYqMyP\/L2u71\/\/\/\/m8H\/\/\/\/6\/+b9\/\/j\/2wBDASstLTw1PHZBQXb4pYyl+Pj4+Pj4+Pj4+Pj4+Pj4+Pj4+Pj4+Pj4+Pj4+Pj4+Pj4+Pj4+Pj4+Pj4+Pj4+Pj4+Pj\/wAARCAAXACoDASIAAhEBAxEB\/8QAFwABAQEBAAAAAAAAAAAAAAAAAAMBAv\/EABYQAQEBAAAAAAAAAAAAAAAAAAASEf\/EABYBAQEBAAAAAAAAAAAAAAAAAAABAv\/EABURAQEAAAAAAAAAAAAAAAAAAAAR\/9oADAMBAAIRAxEAPwDiikqKSLVaKSoogrRSWmiJ6aDQa0EGtAH\/2Q==');\" loading=\"lazy\" fetchpriority=\"low\" aria-hidden=\"true\" class=\"svelte-1pnmlwx rounded\" onload=\"this.__e=event\" onerror=\"this.__e=event\"\/><\/p>\n","protected":false},"excerpt":{"rendered":"Information ICI Normandie\u00a0: des individus de nationalit\u00e9s \u00e9trang\u00e8res ont d\u00e9pos\u00e9 des t\u00eates de cochon devant plusieurs mosqu\u00e9es de&hellip;\n","protected":false},"author":2,"featured_media":383285,"comment_status":"","ping_status":"","sticky":false,"template":"","format":"standard","meta":{"footnotes":""},"categories":[1592],"tags":[1111,11,1777,674,1011,27,662,12,626,25],"class_list":{"0":"post-383284","1":"post","2":"type-post","3":"status-publish","4":"format-standard","5":"has-post-thumbnail","7":"category-ile-de-france","8":"tag-actu","9":"tag-actualites","10":"tag-eu","11":"tag-europe","12":"tag-fr","13":"tag-france","14":"tag-ile-de-france","15":"tag-news","16":"tag-paris","17":"tag-republique-francaise"},"share_on_mastodon":{"url":"https:\/\/pubeurope.com\/@fr\/115186784847866915","error":""},"_links":{"self":[{"href":"https:\/\/www.europesays.com\/fr\/wp-json\/wp\/v2\/posts\/383284","targetHints":{"allow":["GET"]}}],"collection":[{"href":"https:\/\/www.europesays.com\/fr\/wp-json\/wp\/v2\/posts"}],"about":[{"href":"https:\/\/www.europesays.com\/fr\/wp-json\/wp\/v2\/types\/post"}],"author":[{"embeddable":true,"href":"https:\/\/www.europesays.com\/fr\/wp-json\/wp\/v2\/users\/2"}],"replies":[{"embeddable":true,"href":"https:\/\/www.europesays.com\/fr\/wp-json\/wp\/v2\/comments?post=383284"}],"version-history":[{"count":0,"href":"https:\/\/www.europesays.com\/fr\/wp-json\/wp\/v2\/posts\/383284\/revisions"}],"wp:featuredmedia":[{"embeddable":true,"href":"https:\/\/www.europesays.com\/fr\/wp-json\/wp\/v2\/media\/383285"}],"wp:attachment":[{"href":"https:\/\/www.europesays.com\/fr\/wp-json\/wp\/v2\/media?parent=383284"}],"wp:term":[{"taxonomy":"category","embeddable":true,"href":"https:\/\/www.europesays.com\/fr\/wp-json\/wp\/v2\/categories?post=383284"},{"taxonomy":"post_tag","embeddable":true,"href":"https:\/\/www.europesays.com\/fr\/wp-json\/wp\/v2\/tags?post=383284"}],"curies":[{"name":"wp","href":"https:\/\/api.w.org\/{rel}","templated":true}]}}