{"id":383286,"date":"2025-09-11T17:13:13","date_gmt":"2025-09-11T17:13:13","guid":{"rendered":"https:\/\/www.europesays.com\/fr\/383286\/"},"modified":"2025-09-11T17:13:13","modified_gmt":"2025-09-11T17:13:13","slug":"au-musee-dart-et-dhistoire-du-judaisme-cinq-universitaires-boycottent-un-colloque-sur-les-histoires-juives-de-paris","status":"publish","type":"post","link":"https:\/\/www.europesays.com\/fr\/383286\/","title":{"rendered":"Au Mus\u00e9e d\u2019art et d\u2019histoire du juda\u00efsme, cinq universitaires boycottent un colloque sur \u00ab\u00a0les histoires juives de Paris\u00a0\u00bb"},"content":{"rendered":"<p>                         <img loading=\"lazy\" decoding=\"async\" src=\"https:\/\/www.europesays.com\/fr\/wp-content\/uploads\/2025\/09\/dab6f21_sirius-fs-upload-1-fyhtrjst3loi-1740068135179-mahj-jei-roi-me-galland.jpg\" alt=\"Le Mus\u00e9e d\u2019art et d\u2019histoire du juda\u00efsme, \u00e0 Paris, en\u00a02023.\"   width=\"664\" height=\"443\"\/>    Le Mus\u00e9e d\u2019art et d\u2019histoire du juda\u00efsme, \u00e0 Paris, en\u00a02023.  J\u00c9R\u00d4ME GALLAND\/MAHJ                 <\/p>\n<p class=\"article__paragraph  \">Depuis le d\u00e9but du conflit entre le Hamas et Isra\u00ebl, la mise au ban des universitaires isra\u00e9liens s\u2019intensifie. Le Mus\u00e9e d\u2019art et d\u2019histoire du juda\u00efsme (MAHJ) vient d\u2019en faire les frais\u00a0: cinq chercheurs bas\u00e9s en France ont annul\u00e9 leur participation \u00e0 un colloque intitul\u00e9 \u00ab\u00a0Les histoires juives de Paris\u00a0\u00bb, organis\u00e9 le 15\u00a0septembre par le mus\u00e9e parisien. Motif de leur boycott\u00a0? Un programme de recherche h\u00e9bra\u00efque de l\u2019Universit\u00e9 de J\u00e9rusalem, dirig\u00e9 par une m\u00e9di\u00e9viste de renom, Elisheva Baumgarten, finan\u00e7ait le d\u00e9placement d\u2019une doctorante.<\/p>\n<p class=\"article__paragraph  \">\u00ab\u00a0Certains ont argu\u00e9 du fait que leur participation \u00e9quivalait \u00e0 soutenir le gouvernement isra\u00e9lien, pr\u00e9cise un communiqu\u00e9 du MAHJ, sans vouloir nommer les chercheurs qui se sont d\u00e9command\u00e9s. D\u2019autres ont paradoxalement justifi\u00e9 ce retrait par une motion [de novembre\u00a02024, adopt\u00e9e par 35 chercheurs de l\u2019EHESS sur les 250 que compte l\u2019institution], refusant les partenariats institutionnels tout en rejetant le boycott des chercheurs. D\u2019autres ont simplement fait r\u00e9f\u00e9rence \u00e0 la guerre \u00e0 Gaza pour remettre en cause les modalit\u00e9s d\u2019organisation du colloque. D\u2019autres, enfin, se sont d\u00e9sist\u00e9s sans motif explicite.\u00a0\u00bb<\/p>\n<p class=\"reading-mode-only \"><strong>Il vous reste 74.09% de cet article \u00e0 lire. La suite est r\u00e9serv\u00e9e aux abonn\u00e9s.<\/strong><\/p>\n","protected":false},"excerpt":{"rendered":"Le Mus\u00e9e d\u2019art et d\u2019histoire du juda\u00efsme, \u00e0 Paris, en\u00a02023. J\u00c9R\u00d4ME GALLAND\/MAHJ Depuis le d\u00e9but du conflit entre&hellip;\n","protected":false},"author":2,"featured_media":383287,"comment_status":"","ping_status":"","sticky":false,"template":"","format":"standard","meta":{"footnotes":""},"categories":[1888],"tags":[1111,1928,11,1927,1777,674,1011,27,12,1926,626,1925,25],"class_list":{"0":"post-383286","1":"post","2":"type-post","3":"status-publish","4":"format-standard","5":"has-post-thumbnail","7":"category-paris","8":"tag-actu","9":"tag-actu-paris","10":"tag-actualites","11":"tag-actualites-paris","12":"tag-eu","13":"tag-europe","14":"tag-fr","15":"tag-france","16":"tag-news","17":"tag-news-paris","18":"tag-paris","19":"tag-paris-news","20":"tag-republique-francaise"},"share_on_mastodon":{"url":"https:\/\/pubeurope.com\/@fr\/115186788238832296","error":""},"_links":{"self":[{"href":"https:\/\/www.europesays.com\/fr\/wp-json\/wp\/v2\/posts\/383286","targetHints":{"allow":["GET"]}}],"collection":[{"href":"https:\/\/www.europesays.com\/fr\/wp-json\/wp\/v2\/posts"}],"about":[{"href":"https:\/\/www.europesays.com\/fr\/wp-json\/wp\/v2\/types\/post"}],"author":[{"embeddable":true,"href":"https:\/\/www.europesays.com\/fr\/wp-json\/wp\/v2\/users\/2"}],"replies":[{"embeddable":true,"href":"https:\/\/www.europesays.com\/fr\/wp-json\/wp\/v2\/comments?post=383286"}],"version-history":[{"count":0,"href":"https:\/\/www.europesays.com\/fr\/wp-json\/wp\/v2\/posts\/383286\/revisions"}],"wp:featuredmedia":[{"embeddable":true,"href":"https:\/\/www.europesays.com\/fr\/wp-json\/wp\/v2\/media\/383287"}],"wp:attachment":[{"href":"https:\/\/www.europesays.com\/fr\/wp-json\/wp\/v2\/media?parent=383286"}],"wp:term":[{"taxonomy":"category","embeddable":true,"href":"https:\/\/www.europesays.com\/fr\/wp-json\/wp\/v2\/categories?post=383286"},{"taxonomy":"post_tag","embeddable":true,"href":"https:\/\/www.europesays.com\/fr\/wp-json\/wp\/v2\/tags?post=383286"}],"curies":[{"name":"wp","href":"https:\/\/api.w.org\/{rel}","templated":true}]}}