{"id":383288,"date":"2025-09-11T17:14:12","date_gmt":"2025-09-11T17:14:12","guid":{"rendered":"https:\/\/www.europesays.com\/fr\/383288\/"},"modified":"2025-09-11T17:14:12","modified_gmt":"2025-09-11T17:14:12","slug":"paris-un-homme-se-suicide-en-se-defenestrant-place-beauvau","status":"publish","type":"post","link":"https:\/\/www.europesays.com\/fr\/383288\/","title":{"rendered":"Paris : un homme se suicide en se d\u00e9fenestrant place Beauvau"},"content":{"rendered":"<ul class=\"jsx-862013697 ArticleChapo__List\">\n<li class=\"jsx-862013697 ArticleChapo__List_Item flex\">Un homme s&rsquo;est suicid\u00e9 ce jeudi apr\u00e8s-midi en se d\u00e9fenestrant d&rsquo;un immeuble place Beauvau, \u00e0 Paris.<\/li>\n<li class=\"jsx-862013697 ArticleChapo__List_Item flex\">Malgr\u00e9 les tentatives de r\u00e9animation, la victime n&rsquo;a pu \u00eatre sauv\u00e9e.<\/li>\n<\/ul>\n<p data-module=\"article-paragraph\" class=\"jsx-3046738180 Paragraph\">C&rsquo;est un drame qui s&rsquo;est produit ce jeudi 11 septembre apr\u00e8s-midi place Beauvau. \u00c0 16h39 pr\u00e9cis\u00e9ment, les pompiers de Paris ont \u00e9t\u00e9 appel\u00e9s pour porter secours \u00e0 un homme qui venait de se d\u00e9fenestrer d&rsquo;un immeuble situ\u00e9 place Beauvau.\u00a0<\/p>\n<p data-module=\"article-paragraph\" class=\"jsx-3046738180 Paragraph Paragraph__End\">\u00ab\u00a0Malgr\u00e9 les tentatives de r\u00e9animation, la victime qui se trouvait en arr\u00eat cardio-respiratoire n&rsquo;a pu \u00eatre sauv\u00e9e. Son d\u00e9c\u00e8s a \u00e9t\u00e9 constat\u00e9 par un m\u00e9decin\u00a0\u00bb, a appris TF1info d&rsquo;une source proche du dossier.\u00a0<\/p>\n<p>Un employ\u00e9 de l&rsquo;ambassade des \u00c9mirats Arabes-Unis ?<\/p>\n<p data-module=\"article-paragraph\" class=\"jsx-3046738180 Paragraph\">Selon une autre source, la victime serait un employ\u00e9 de l&rsquo;ambassade des \u00c9mirats Arabes-Unis. \u00ab\u00a0Cet homme n&rsquo;a rien \u00e0 voir avec le minist\u00e8re de l&rsquo;Int\u00e9rieur. Les faits ont eu lieu dans un immeuble voisin. La victime aurait appris qu&rsquo;elle \u00e9tait mise \u00e0 la retraite par son employeur et se serait suicid\u00e9e\u00a0\u00bb, nous explique cette source.<\/p>\n<p data-module=\"article-paragraph\" class=\"jsx-3046738180 Paragraph\">On ignore si cette personne vivait dans cet immeuble, l&rsquo;adresse ne correspondant pas \u00e0 son lieu de travail (l&rsquo;ambassade des \u00c9mirats Arabes-Unis se situe boulevard de la Tour-Maubourg).<\/p>\n<p data-module=\"article-paragraph\" class=\"jsx-3046738180 Paragraph Paragraph__End\">Contact\u00e9 par TF1info vers 17h30, le parquet de Paris attendait des informations pour \u00e9ventuellement communiquer sur cette affaire.<\/p>\n<p>La victime aurait brandi une banderole<\/p>\n<p data-module=\"article-paragraph\" class=\"jsx-3046738180 Paragraph\">Selon<a href=\"https:\/\/www.leparisien.fr\/faits-divers\/paris-un-homme-se-jette-du-quatrieme-etage-dun-batiment-situe-place-beauvau-11-09-2025-OKJFLDD4YNBCVBIYM5S7DIANCQ.php\" target=\"_blank\" rel=\"nofollow noopener\"> Le Parisien (nouvelle fen\u00eatre)<\/a>, l&rsquo;individu aurait, avant de se jeter dans le vide, accroch\u00e9 une banderole et jet\u00e9 des tracts supportant notamment ces mots : \u00ab\u00a0Partir en paix plut\u00f4t que d\u2019\u00eatre kidnapp\u00e9 et finir comme Jamal Khashoggi\u00a0\u00bb.<\/p>\n<p data-module=\"article-paragraph\" class=\"jsx-3046738180 Paragraph\">\u00a0<\/p>\n<p data-module=\"article-paragraph\" class=\"jsx-3046738180 Paragraph Paragraph__End\">Jamal Khashoggi est un journaliste saoudien. Il a \u00e9t\u00e9 assassin\u00e9 au consulat saoudien \u00e0 Istanbul en Turquie en octobre 2018.\u00a0<\/p>\n<p>Aur\u00e9lie SARROT<\/p>\n","protected":false},"excerpt":{"rendered":"Un homme s&rsquo;est suicid\u00e9 ce jeudi apr\u00e8s-midi en se d\u00e9fenestrant d&rsquo;un immeuble place Beauvau, \u00e0 Paris. Malgr\u00e9 les&hellip;\n","protected":false},"author":2,"featured_media":383289,"comment_status":"","ping_status":"","sticky":false,"template":"","format":"standard","meta":{"footnotes":""},"categories":[1888],"tags":[1111,1928,11,1927,1921,1777,674,1011,27,1922,2954,12,1926,626,1925,25,133,2953],"class_list":{"0":"post-383288","1":"post","2":"type-post","3":"status-publish","4":"format-standard","5":"has-post-thumbnail","7":"category-paris","8":"tag-actu","9":"tag-actu-paris","10":"tag-actualites","11":"tag-actualites-paris","12":"tag-article-video","13":"tag-eu","14":"tag-europe","15":"tag-fr","16":"tag-france","17":"tag-info","18":"tag-justice-et-faits-divers","19":"tag-news","20":"tag-news-paris","21":"tag-paris","22":"tag-paris-news","23":"tag-republique-francaise","24":"tag-video","25":"tag-video-police"},"share_on_mastodon":{"url":"https:\/\/pubeurope.com\/@fr\/115186792143326346","error":""},"_links":{"self":[{"href":"https:\/\/www.europesays.com\/fr\/wp-json\/wp\/v2\/posts\/383288","targetHints":{"allow":["GET"]}}],"collection":[{"href":"https:\/\/www.europesays.com\/fr\/wp-json\/wp\/v2\/posts"}],"about":[{"href":"https:\/\/www.europesays.com\/fr\/wp-json\/wp\/v2\/types\/post"}],"author":[{"embeddable":true,"href":"https:\/\/www.europesays.com\/fr\/wp-json\/wp\/v2\/users\/2"}],"replies":[{"embeddable":true,"href":"https:\/\/www.europesays.com\/fr\/wp-json\/wp\/v2\/comments?post=383288"}],"version-history":[{"count":0,"href":"https:\/\/www.europesays.com\/fr\/wp-json\/wp\/v2\/posts\/383288\/revisions"}],"wp:featuredmedia":[{"embeddable":true,"href":"https:\/\/www.europesays.com\/fr\/wp-json\/wp\/v2\/media\/383289"}],"wp:attachment":[{"href":"https:\/\/www.europesays.com\/fr\/wp-json\/wp\/v2\/media?parent=383288"}],"wp:term":[{"taxonomy":"category","embeddable":true,"href":"https:\/\/www.europesays.com\/fr\/wp-json\/wp\/v2\/categories?post=383288"},{"taxonomy":"post_tag","embeddable":true,"href":"https:\/\/www.europesays.com\/fr\/wp-json\/wp\/v2\/tags?post=383288"}],"curies":[{"name":"wp","href":"https:\/\/api.w.org\/{rel}","templated":true}]}}