{"id":38329,"date":"2025-04-20T07:32:20","date_gmt":"2025-04-20T07:32:20","guid":{"rendered":"https:\/\/www.europesays.com\/fr\/38329\/"},"modified":"2025-04-20T07:32:20","modified_gmt":"2025-04-20T07:32:20","slug":"communique-de-la-fff","status":"publish","type":"post","link":"https:\/\/www.europesays.com\/fr\/38329\/","title":{"rendered":"Communiqu\u00e9 de la FFF"},"content":{"rendered":"<p>                                                              <img data-twic-src=\"https:\/\/www.europesays.com\/fr\/wp-content\/uploads\/2025\/04\/b221ee3f11d17d2d30847dd188899669.png\" data-credit=\"Sandra RUHAUT \/ ICON SPORT\" title=\"Sandra RUHAUT \/ ICON SPORT\" alt=\"FFF si\u00e8ge Grenelle\" class=\"block\"\/>                                        <\/p>\n<p style=\"font-weight: bold\">Communiqu\u00e9 de la F\u00e9d\u00e9ration Fran\u00e7aise de Football, ce samedi 19 avril, \u00e0 la suite de l&rsquo;agression d&rsquo;un arbitre assistant lors d&rsquo;un match de National.<\/p>\n<p>La F\u00e9d\u00e9ration Fran\u00e7aise de Football condamne avec la plus grande fermet\u00e9 l\u2019agression d\u2019un arbitre assistant lors de la rencontre de National entre Quevilly-Rouen M\u00e9tropole et le FC Rouen. Un tel acte de brutalit\u00e9, l\u00e2che et dangereux, ne devrait pas avoir lieu dans un stade.<\/p>\n<p>La FFF apporte tout son soutien \u00e0 Ga\u00ebtan Damy, bless\u00e9 lors de la rencontre. Elle se constituera partie civile en cas de suite judiciaire donn\u00e9e \u00e0 cette affaire. La commission de discipline de la FFF a \u00e9t\u00e9 saisie du dossier, et prendra une d\u00e9cision \u00e0 la hauteur de la faute.<\/p>\n<p>\u00c0 l\u2019initiative de son pr\u00e9sident Philippe Diallo, la FFF a initi\u00e9 un vaste plan d\u2019actions pour lutter contre les violences faites aux arbitres. Une convention avec le minist\u00e8re de l\u2019Int\u00e9rieur sera prochainement conclue en ce sens.<\/p>\n","protected":false},"excerpt":{"rendered":"Communiqu\u00e9 de la F\u00e9d\u00e9ration Fran\u00e7aise de Football, ce samedi 19 avril, \u00e0 la suite de l&rsquo;agression d&rsquo;un arbitre&hellip;\n","protected":false},"author":2,"featured_media":38330,"comment_status":"","ping_status":"","sticky":false,"template":"","format":"standard","meta":{"footnotes":""},"categories":[2],"tags":[11,85,1011,27,12,25],"class_list":{"0":"post-38329","1":"post","2":"type-post","3":"status-publish","4":"format-standard","5":"has-post-thumbnail","7":"category-actualites","8":"tag-actualites","9":"tag-fff","10":"tag-fr","11":"tag-france","12":"tag-news","13":"tag-republique-francaise"},"share_on_mastodon":{"url":"https:\/\/pubeurope.com\/@fr\/114369130895041824","error":""},"_links":{"self":[{"href":"https:\/\/www.europesays.com\/fr\/wp-json\/wp\/v2\/posts\/38329","targetHints":{"allow":["GET"]}}],"collection":[{"href":"https:\/\/www.europesays.com\/fr\/wp-json\/wp\/v2\/posts"}],"about":[{"href":"https:\/\/www.europesays.com\/fr\/wp-json\/wp\/v2\/types\/post"}],"author":[{"embeddable":true,"href":"https:\/\/www.europesays.com\/fr\/wp-json\/wp\/v2\/users\/2"}],"replies":[{"embeddable":true,"href":"https:\/\/www.europesays.com\/fr\/wp-json\/wp\/v2\/comments?post=38329"}],"version-history":[{"count":0,"href":"https:\/\/www.europesays.com\/fr\/wp-json\/wp\/v2\/posts\/38329\/revisions"}],"wp:featuredmedia":[{"embeddable":true,"href":"https:\/\/www.europesays.com\/fr\/wp-json\/wp\/v2\/media\/38330"}],"wp:attachment":[{"href":"https:\/\/www.europesays.com\/fr\/wp-json\/wp\/v2\/media?parent=38329"}],"wp:term":[{"taxonomy":"category","embeddable":true,"href":"https:\/\/www.europesays.com\/fr\/wp-json\/wp\/v2\/categories?post=38329"},{"taxonomy":"post_tag","embeddable":true,"href":"https:\/\/www.europesays.com\/fr\/wp-json\/wp\/v2\/tags?post=38329"}],"curies":[{"name":"wp","href":"https:\/\/api.w.org\/{rel}","templated":true}]}}