{"id":383292,"date":"2025-09-11T17:16:12","date_gmt":"2025-09-11T17:16:12","guid":{"rendered":"https:\/\/www.europesays.com\/fr\/383292\/"},"modified":"2025-09-11T17:16:12","modified_gmt":"2025-09-11T17:16:12","slug":"en-dehors-de-paris-19-policiers-ont-ete-blesses-sur-des-operations-de-deblocage-affirme-agathe-foucault-porte-parole-de-la-police-nationale","status":"publish","type":"post","link":"https:\/\/www.europesays.com\/fr\/383292\/","title":{"rendered":"en dehors de Paris \u00ab\u00a019 policiers ont \u00e9t\u00e9 bless\u00e9s sur des op\u00e9rations de d\u00e9blocage\u00a0\u00bb, affirme Agathe Foucault, porte-parole de la Police nationale"},"content":{"rendered":"<p>\u00ab\u00a0Bloquons tout\u00a0\u00bb: en dehors de Paris \u00ab\u00a019 policiers ont \u00e9t\u00e9 bless\u00e9s sur des op\u00e9rations de d\u00e9blocage\u00a0\u00bb, affirme Agathe Foucault, porte-parole de la Police nationaleSur le m\u00eame sujet<a href=\"https:\/\/www.bfmtv.com\/politique\/video-bloquons-tout-les-casseurs-surfent-comme-d-habitude-sur-les-rassemblements-lance-alain-bauer-professeur-de-criminologie-au-cnam_VN-202509110798.html\" title=\"&quot;Bloquons tout&quot;: &quot;Les casseurs surfent comme d&#039;habitude sur les rassemblements&quot;, lance Alain Bauer, professeur de criminologie au CNAM\" rel=\"nofollow noopener\" target=\"_blank\"><img width=\"16\" height=\"9\" class=\"lozad\"  alt=\"&quot;Bloquons tout&quot;: &quot;Les casseurs surfent comme d'habitude sur les rassemblements&quot;, lance Alain Bauer, professeur de criminologie au CNAM\"\/>1:11&Prime;Bloquons tout\u00a0\u00bb: \u00ab\u00a0Les casseurs surfent comme d&rsquo;habitude sur les rassemblements\u00a0\u00bb, lance Alain Bauer, professeur de criminologie au CNAM<\/a><a href=\"https:\/\/www.bfmtv.com\/politique\/video-bloquons-tout-nous-n-appelons-pas-a-la-violence-nous-appelons-a-des-actions-intelligentes-de-perturbation-de-l-activite-economique-assure-alma-dufour-deputee-lfi-de-la-seine-maritime_VN-202509110793.html\" title=\"&quot;Bloquons tout&quot;: &quot;Nous n&#039;appelons pas \u00e0 la violence, nous appelons \u00e0 des actions intelligentes de perturbation de l&#039;activit\u00e9 \u00e9conomique&quot;, assure Alma Dufour, d\u00e9put\u00e9e LFI de la Seine-Maritime\" rel=\"nofollow noopener\" target=\"_blank\"><img width=\"16\" height=\"9\" class=\"lozad\"  alt=\"&quot;Bloquons tout&quot;: &quot;Nous n'appelons pas \u00e0 la violence, nous appelons \u00e0 des actions intelligentes de perturbation de l'activit\u00e9 \u00e9conomique&quot;, assure Alma Dufour, d\u00e9put\u00e9e LFI de la Seine-Maritime\"\/>3:05&Prime;Bloquons tout\u00a0\u00bb: \u00ab\u00a0Nous n&rsquo;appelons pas \u00e0 la violence, nous appelons \u00e0 des actions intelligentes de perturbation de l&rsquo;activit\u00e9 \u00e9conomique\u00a0\u00bb, assure Alma Dufour, d\u00e9put\u00e9e LFI de la Seine-Maritime<\/a><a href=\"https:\/\/www.bfmtv.com\/politique\/video-bloquons-tout-en-dehors-de-paris-19-policiers-ont-ete-blesses-sur-des-operations-de-deblocage-affirme-agathe-foucault-porte-parole-de-la-police-nationale_VN-202509110790.html\" title=\"&quot;Bloquons tout&quot;: en dehors de Paris &quot;19 policiers ont \u00e9t\u00e9 bless\u00e9s sur des op\u00e9rations de d\u00e9blocage&quot;, affirme Agathe Foucault, porte-parole de la Police nationale\" rel=\"nofollow noopener\" target=\"_blank\"><img width=\"16\" height=\"9\" class=\"lozad\"  alt=\"&quot;Bloquons tout&quot;: en dehors de Paris &quot;19 policiers ont \u00e9t\u00e9 bless\u00e9s sur des op\u00e9rations de d\u00e9blocage&quot;, affirme Agathe Foucault, porte-parole de la Police nationale\"\/>en lecture\u00a0\u00bbBloquons tout\u00a0\u00bb: en dehors de Paris \u00ab\u00a019 policiers ont \u00e9t\u00e9 bless\u00e9s sur des op\u00e9rations de d\u00e9blocage\u00a0\u00bb, affirme Agathe Foucault, porte-parole de la Police nationale<\/a><a href=\"https:\/\/www.bfmtv.com\/replay-emissions\/bfm-story\/video-marschall-tr-marschall-truchot-la-violence-comme-reponse-a-lecornu-11-09_VN-202509110786.html\" title=\"Marschall TrMarschall Truchot : La violence comme r\u00e9ponse \u00e0 Lecornu ? - 11\/09\" rel=\"nofollow noopener\" target=\"_blank\"><img width=\"16\" height=\"9\" class=\"lozad\"  alt=\"Marschall TrMarschall Truchot : La violence comme r\u00e9ponse \u00e0 Lecornu ? - 11\/09\"\/>12:28Marschall TrMarschall Truchot : La violence comme r\u00e9ponse \u00e0 Lecornu ? &#8211; 11\/09<\/a><a href=\"https:\/\/www.bfmtv.com\/replay-emissions\/bfm-story\/video-marschall-truchot-bloquons-tout-ca-va-continuer-11-09_VN-202509110787.html\" title=\"Marschall Truchot : \u201cBloquons tout\u201d, \u00e7a va continuer ? - 11\/09\" rel=\"nofollow noopener\" target=\"_blank\"><img width=\"16\" height=\"9\" class=\"lozad\"  alt=\"Marschall Truchot : \u201cBloquons tout\u201d, \u00e7a va continuer ? - 11\/09\"\/>36:11Marschall Truchot : \u201cBloquons tout\u201d, \u00e7a va continuer ? &#8211; 11\/09<\/a><a href=\"https:\/\/www.bfmtv.com\/replay-emissions\/bfm-story\/video-marschall-truchot-tik-tok-bientot-interdit-aux-moins-de-15-ans-11-09_VN-202509110779.html\" title=\"Marschall Truchot : TikTok bient\u00f4t interdit aux moins de 15 ans ? - 11\/09\" rel=\"nofollow noopener\" target=\"_blank\"><img width=\"16\" height=\"9\" class=\"lozad\"  alt=\"Marschall Truchot : TikTok bient\u00f4t interdit aux moins de 15 ans ? - 11\/09\"\/>17:08Marschall Truchot : TikTok bient\u00f4t interdit aux moins de 15 ans ? &#8211; 11\/09<\/a><a href=\"https:\/\/www.bfmtv.com\/politique\/video-menaces-de-mort-je-ne-me-sens-pas-en-danger-ces-gens-la-ne-me-font-pas-reculer-affirme-benoit-payan-maire-de-marseille_VN-202509110773.html\" title=\"Menaces de mort: &quot;Je ne me sens pas en danger, ces gens-l\u00e0 ne me font pas reculer&quot;, affirme Beno\u00eet Payan, maire de Marseille\" rel=\"nofollow noopener\" target=\"_blank\"><img width=\"16\" height=\"9\" class=\"lozad\"  alt=\"Menaces de mort: &quot;Je ne me sens pas en danger, ces gens-l\u00e0 ne me font pas reculer&quot;, affirme Beno\u00eet Payan, maire de Marseille\"\/>1:49Menaces de mort: \u00ab\u00a0Je ne me sens pas en danger, ces gens-l\u00e0 ne me font pas reculer\u00a0\u00bb, affirme Beno\u00eet Payan, maire de Marseille<\/a><a href=\"https:\/\/www.bfmtv.com\/politique\/video-bloquons-tout-je-pense-que-le-18-il-y-aura-beaucoup-plus-de-monde-estime-benoit-payan-maire-divers-gauche-de-marseille_VN-202509110770.html\" title=\"&quot;Bloquons tout&quot;: &quot;Je pense que le 18, il y aura beaucoup plus de monde&quot;, estime Beno\u00eet Payan, maire divers gauche de Marseille\" rel=\"nofollow noopener\" target=\"_blank\"><img width=\"16\" height=\"9\" class=\"lozad\"  alt=\"&quot;Bloquons tout&quot;: &quot;Je pense que le 18, il y aura beaucoup plus de monde&quot;, estime Beno\u00eet Payan, maire divers gauche de Marseille\"\/>2:22&Prime;Bloquons tout\u00a0\u00bb: \u00ab\u00a0Je pense que le 18, il y aura beaucoup plus de monde\u00a0\u00bb, estime Beno\u00eet Payan, maire divers gauche de Marseille<\/a><a href=\"https:\/\/www.bfmtv.com\/replay-emissions\/bfm-story\/video-marschall-truchot-bloquons-tout-une-mobilisation-dans-la-duree-11-09_VN-202509110767.html\" title=\"Marschall Truchot : &quot;Bloquons tout&quot;, une mobilisation dans la dur\u00e9e ? - 11\/09\" rel=\"nofollow noopener\" target=\"_blank\"><img width=\"16\" height=\"9\" class=\"lozad\"  alt=\"Marschall Truchot : &quot;Bloquons tout&quot;, une mobilisation dans la dur\u00e9e ? - 11\/09\"\/>22:19Marschall Truchot : \u00ab\u00a0Bloquons tout\u00a0\u00bb, une mobilisation dans la dur\u00e9e ? &#8211; 11\/09<\/a><a href=\"https:\/\/www.bfmtv.com\/politique\/video-bloquons-tout-la-reaction-des-francais-suite-aux-mobilisations-du-10-septembre-a-travers-le-pays_VN-202509110758.html\" title=\"&quot;Bloquons tout&quot;: la r\u00e9action des Fran\u00e7ais suite aux mobilisations du 10 septembre \u00e0 travers le pays\" rel=\"nofollow noopener\" target=\"_blank\"><img width=\"16\" height=\"9\" class=\"lozad\"  alt=\"&quot;Bloquons tout&quot;: la r\u00e9action des Fran\u00e7ais suite aux mobilisations du 10 septembre \u00e0 travers le pays\"\/>0:47&Prime;Bloquons tout\u00a0\u00bb: la r\u00e9action des Fran\u00e7ais suite aux mobilisations du 10 septembre \u00e0 travers le pays<\/a><a href=\"https:\/\/www.bfmtv.com\/politique\/video-crise-politique-au-lieu-de-creer-des-surprimes-pour-les-gens-honnetes-creons-des-surprimes-pour-les-voyous-lance-matthieu-valet-depute-europeen-rassemblement-national_VN-202509110689.html\" title=\"Crise politique: &quot;Au lieu de cr\u00e9er des surprimes pour les gens honn\u00eates, cr\u00e9ons des surprimes pour les voyous&quot;, lance Matthieu Valet, d\u00e9put\u00e9 europ\u00e9en Rassemblement national\" rel=\"nofollow noopener\" target=\"_blank\"><img width=\"16\" height=\"9\" class=\"lozad\"  alt=\"Crise politique: &quot;Au lieu de cr\u00e9er des surprimes pour les gens honn\u00eates, cr\u00e9ons des surprimes pour les voyous&quot;, lance Matthieu Valet, d\u00e9put\u00e9 europ\u00e9en Rassemblement national\"\/>1:59Crise politique: \u00ab\u00a0Au lieu de cr\u00e9er des surprimes pour les gens honn\u00eates, cr\u00e9ons des surprimes pour les voyous\u00a0\u00bb, lance Matthieu Valet, d\u00e9put\u00e9 europ\u00e9en Rassemblement national<\/a><a href=\"https:\/\/www.bfmtv.com\/politique\/video-nouveau-premier-ministre-sebastien-lecornu-a-toujours-assume-d-echanger-avec-des-gens-avec-qui-il-n-est-pas-d-accord-assure-charles-rodwell-depute-ensemble-pour-la-republique-des-yvelines_VN-202509110688.html\" title=\"Nouveau Premier ministre: &quot;S\u00e9bastien Lecornu a toujours assum\u00e9 d&#039;\u00e9changer avec des gens avec qui il n&#039;est pas d&#039;accord&quot;, assure Charles Rodwell, d\u00e9put\u00e9 Ensemble pour la R\u00e9publique des Yvelines\" rel=\"nofollow noopener\" target=\"_blank\"><img width=\"16\" height=\"9\" class=\"lozad\"  alt=\"Nouveau Premier ministre: &quot;S\u00e9bastien Lecornu a toujours assum\u00e9 d'\u00e9changer avec des gens avec qui il n'est pas d'accord&quot;, assure Charles Rodwell, d\u00e9put\u00e9 Ensemble pour la R\u00e9publique des Yvelines\"\/>2:39Nouveau Premier ministre: \u00ab\u00a0S\u00e9bastien Lecornu a toujours assum\u00e9 d&rsquo;\u00e9changer avec des gens avec qui il n&rsquo;est pas d&rsquo;accord\u00a0\u00bb, assure Charles Rodwell, d\u00e9put\u00e9 Ensemble pour la R\u00e9publique des Yvelines<\/a><a href=\"https:\/\/www.bfmtv.com\/societe\/video-crise-politique-depuis-8-ans-emmanuel-macron-n-a-jamais-rien-ecoute-denonce-francois-boulo-ancien-porte-parole-des-gilets-jaunes-de-rouen_VN-202509110687.html\" title=\"Crise politique: &quot;Depuis 8 ans Emmanuel Macron n&#039;a jamais rien \u00e9cout\u00e9&quot;, d\u00e9nonce Fran\u00e7ois Boulo, ancien porte-parole des Gilets Jaunes de Rouen\" rel=\"nofollow noopener\" target=\"_blank\"><img width=\"16\" height=\"9\" class=\"lozad\"  alt=\"Crise politique: &quot;Depuis 8 ans Emmanuel Macron n'a jamais rien \u00e9cout\u00e9&quot;, d\u00e9nonce Fran\u00e7ois Boulo, ancien porte-parole des Gilets Jaunes de Rouen\"\/>3:04Crise politique: \u00ab\u00a0Depuis 8 ans Emmanuel Macron n&rsquo;a jamais rien \u00e9cout\u00e9\u00a0\u00bb, d\u00e9nonce Fran\u00e7ois Boulo, ancien porte-parole des Gilets Jaunes de Rouen<\/a><a href=\"https:\/\/www.bfmtv.com\/societe\/video-18-septembre-ce-qu-attendent-les-francais_VN-202509110645.html\" title=\"18 septembre: ce qu&#039;attendent les Fran\u00e7ais\" rel=\"nofollow noopener\" target=\"_blank\"><img width=\"16\" height=\"9\" class=\"lozad\"  alt=\"18 septembre: ce qu'attendent les Fran\u00e7ais\"\/>1:1418 septembre: ce qu&rsquo;attendent les Fran\u00e7ais<\/a><a class=\"jumpToVideo\" target=\"_blank\"><img class=\"thumbnailPreview\"\/><\/a><\/p>\n","protected":false},"excerpt":{"rendered":"\u00ab\u00a0Bloquons tout\u00a0\u00bb: en dehors de Paris \u00ab\u00a019 policiers ont \u00e9t\u00e9 bless\u00e9s sur des op\u00e9rations de d\u00e9blocage\u00a0\u00bb, affirme Agathe&hellip;\n","protected":false},"author":2,"featured_media":383293,"comment_status":"","ping_status":"","sticky":false,"template":"","format":"standard","meta":{"footnotes":""},"categories":[1888],"tags":[11,1777,674,1011,27,12,626,25],"class_list":{"0":"post-383292","1":"post","2":"type-post","3":"status-publish","4":"format-standard","5":"has-post-thumbnail","7":"category-paris","8":"tag-actualites","9":"tag-eu","10":"tag-europe","11":"tag-fr","12":"tag-france","13":"tag-news","14":"tag-paris","15":"tag-republique-francaise"},"share_on_mastodon":{"url":"https:\/\/pubeurope.com\/@fr\/115186800046319049","error":""},"_links":{"self":[{"href":"https:\/\/www.europesays.com\/fr\/wp-json\/wp\/v2\/posts\/383292","targetHints":{"allow":["GET"]}}],"collection":[{"href":"https:\/\/www.europesays.com\/fr\/wp-json\/wp\/v2\/posts"}],"about":[{"href":"https:\/\/www.europesays.com\/fr\/wp-json\/wp\/v2\/types\/post"}],"author":[{"embeddable":true,"href":"https:\/\/www.europesays.com\/fr\/wp-json\/wp\/v2\/users\/2"}],"replies":[{"embeddable":true,"href":"https:\/\/www.europesays.com\/fr\/wp-json\/wp\/v2\/comments?post=383292"}],"version-history":[{"count":0,"href":"https:\/\/www.europesays.com\/fr\/wp-json\/wp\/v2\/posts\/383292\/revisions"}],"wp:featuredmedia":[{"embeddable":true,"href":"https:\/\/www.europesays.com\/fr\/wp-json\/wp\/v2\/media\/383293"}],"wp:attachment":[{"href":"https:\/\/www.europesays.com\/fr\/wp-json\/wp\/v2\/media?parent=383292"}],"wp:term":[{"taxonomy":"category","embeddable":true,"href":"https:\/\/www.europesays.com\/fr\/wp-json\/wp\/v2\/categories?post=383292"},{"taxonomy":"post_tag","embeddable":true,"href":"https:\/\/www.europesays.com\/fr\/wp-json\/wp\/v2\/tags?post=383292"}],"curies":[{"name":"wp","href":"https:\/\/api.w.org\/{rel}","templated":true}]}}