{"id":383294,"date":"2025-09-11T17:17:14","date_gmt":"2025-09-11T17:17:14","guid":{"rendered":"https:\/\/www.europesays.com\/fr\/383294\/"},"modified":"2025-09-11T17:17:14","modified_gmt":"2025-09-11T17:17:14","slug":"washington-allege-ses-sanctions-contre-la-bielorussie-le-plus-proche-allie-de-la-russie","status":"publish","type":"post","link":"https:\/\/www.europesays.com\/fr\/383294\/","title":{"rendered":"Washington all\u00e8ge ses sanctions contre la Bi\u00e9lorussie, le plus proche alli\u00e9 de la Russie"},"content":{"rendered":"<p><strong>D\u00c9CRYPTAGE <\/strong>&#8211; Ces mesures, annonc\u00e9es jeudi par l\u2019envoy\u00e9 sp\u00e9cial de Donald Trump \u00e0 Minsk, o\u00f9 les \u00c9tats-Unis pourraient rouvrir prochainement leur ambassade, co\u00efncident avec la lib\u00e9ration d\u2019une cinquantaine de prisonniers politiques.<\/p>\n<p class=\"fig-paragraph\">Les relations entre les \u00c9tats-Unis et la\u00a0<a href=\"http:\/\/www.lefigaro.fr\/international\/bielorussie-cinq-ans-apres-la-crise-postelectorale-l-opposition-en-exil-ne-baisse-pas-les-bras-20250809\" data-fig-type=\"Article\" data-gtm-custom-categorie=\"navigation\" data-gtm-custom-action=\"crossclick\" data-gtm-custom-label=\"Contextuel\" data-gtm-event=\"customEventSPE\" data-fig-domain=\"LEFIGARO\" target=\"_blank\" rel=\"noopener\">Bi\u00e9lorussie<\/a>, le plus proche alli\u00e9 de la Russie, viennent de conna\u00eetre les signes d\u2019un r\u00e9chauffement assez spectaculaire. En visite \u00e0 Minsk, l\u2019envoy\u00e9 sp\u00e9cial am\u00e9ricain John Coale a annonc\u00e9 que Washington levait ses sanctions impos\u00e9es contre la compagnie a\u00e9rienne nationale, Belavia, \u00e0 la suite de l\u2019invasion de l\u2019Ukraine, en f\u00e9vrier 2022, une attaque russe \u00e0 laquelle la Bi\u00e9lorussie avait apport\u00e9 sa contribution en tant que base arri\u00e8re. \u00ab\u00c0 partir de maintenant, nous levons les sanctions contre Belavia. Le pr\u00e9sident (<a href=\"http:\/\/www.lefigaro.fr\/conjoncture\/sanctions-contre-la-russie-ces-discrets-renoncements-de-washington-depuis-le-retour-de-donald-trump-20250815\" data-fig-type=\"NewsFlash\" data-gtm-custom-categorie=\"navigation\" data-gtm-custom-action=\"crossclick\" data-gtm-custom-label=\"Contextuel\" data-gtm-event=\"customEventSPE\" data-fig-domain=\"LEFIGARO\" target=\"_blank\" rel=\"noopener\">Donald Trump<\/a> , NDLR) a dit trois fois\u00a0: \u201cFaites-le\u201d, donc nous n\u2019avons pas eu \u00e0 passer par toute la paperasse bureaucratique (&#8230;)\u00bb, a d\u00e9clar\u00e9 M. Coale, lors d\u2019une rencontre avec le chef de l\u2019\u00c9tat,\u00a0<a href=\"http:\/\/www.lefigaro.fr\/international\/bielorussie-alexandre-loukachenko-conforte-sa-mainmise-sur-la-derniere-dictature-d-europe-20250126\" data-fig-type=\"Article\" data-gtm-custom-categorie=\"navigation\" data-gtm-custom-action=\"crossclick\" data-gtm-custom-label=\"Contextuel\" data-gtm-event=\"customEventSPE\" data-fig-domain=\"LEFIGARO\" target=\"_blank\" rel=\"noopener\">Alexandre Loukachenko<\/a>.<\/p>\n<p class=\"fig-paragraph\">Cette annonce a \u00e9t\u00e9 concomitante d\u2019un geste auquel Donald Trump avait directement appel\u00e9 son homologue bi\u00e9lorusse, la lib\u00e9ration de prisonniers politiques, d\u00e9tenus principalement depuis la r\u00e9pression des grandes manifestations\u2026<\/p>\n<p class=\"fig-premium-paywall__infos\">\n        Cet article est r\u00e9serv\u00e9 aux abonn\u00e9s.        Il vous reste 75% \u00e0 d\u00e9couvrir.\n    <\/p>\n<p>                <img  data- alt=\"Le Figaro\" class=\"fig-img--complete fig-img\"\/><\/p>\n<p class=\"fig-premium-paywall__title\">Vous avez envie de lire la suite ?<\/p>\n<p class=\"fig-premium-paywall__subtitle\">D\u00e9bloquez tous les articles imm\u00e9diatement.<\/p>\n<p class=\"fig-premium-paywall__connect\">\n                D\u00e9j\u00e0 abonn\u00e9\u00a0?                <a class=\"fig-premium-paywall__connect-link\" href=\"https:\/\/connect.lefigaro.fr\/login?client=horizon_web&amp;type=main&amp;redirect_uri=https%3A%2F%2Fwww.lefigaro.fr%2Finternational%2Fwashington-allege-ses-sanctions-contre-la-bielorussie-le-plus-proche-allie-de-la-russie-20250911\" data-js-gtm=\"{&quot;customCategorie&quot;: &quot;conversion&quot;, &quot;customAction&quot;: &quot;before_Landing_Connexion_paywall_auto&quot;, &quot;customLabel&quot;: &quot;bGVmaWdhcm8uZnJfXzFmMDhmMWViLTUzNzMtNjUyMC1hYzhlLTY1YThmYzFlMzJkY19fQXJ0aWNsZQ==_Washington all\u00e8ge ses sanctions contre la Bi\u00e9lorussie, le plus proche alli\u00e9 de la Russie_215&quot;, &quot;customIDSPE&quot;: &quot;bGVmaWdhcm8uZnJfXzFmMDhmMWViLTUzNzMtNjUyMC1hYzhlLTY1YThmYzFlMzJkY19fQXJ0aWNsZQ==&quot;, &quot;event&quot;: &quot;customEventSPE&quot;}\" target=\"_blank\" rel=\"noopener\"><br \/>\n                    Connectez-vous<br \/>\n                <\/a>\n            <\/p>\n","protected":false},"excerpt":{"rendered":"D\u00c9CRYPTAGE &#8211; Ces mesures, annonc\u00e9es jeudi par l\u2019envoy\u00e9 sp\u00e9cial de Donald Trump \u00e0 Minsk, o\u00f9 les \u00c9tats-Unis pourraient&hellip;\n","protected":false},"author":2,"featured_media":383295,"comment_status":"","ping_status":"","sticky":false,"template":"","format":"standard","meta":{"footnotes":""},"categories":[1591],"tags":[11,17059,1887,12,1885,1886,132],"class_list":{"0":"post-383294","1":"post","2":"type-post","3":"status-publish","4":"format-standard","5":"has-post-thumbnail","7":"category-russie","8":"tag-actualites","9":"tag-bielorussie","10":"tag-federation-de-russie","11":"tag-news","12":"tag-russia","13":"tag-russian-federation","14":"tag-russie"},"share_on_mastodon":{"url":"https:\/\/pubeurope.com\/@fr\/115186804357871673","error":""},"_links":{"self":[{"href":"https:\/\/www.europesays.com\/fr\/wp-json\/wp\/v2\/posts\/383294","targetHints":{"allow":["GET"]}}],"collection":[{"href":"https:\/\/www.europesays.com\/fr\/wp-json\/wp\/v2\/posts"}],"about":[{"href":"https:\/\/www.europesays.com\/fr\/wp-json\/wp\/v2\/types\/post"}],"author":[{"embeddable":true,"href":"https:\/\/www.europesays.com\/fr\/wp-json\/wp\/v2\/users\/2"}],"replies":[{"embeddable":true,"href":"https:\/\/www.europesays.com\/fr\/wp-json\/wp\/v2\/comments?post=383294"}],"version-history":[{"count":0,"href":"https:\/\/www.europesays.com\/fr\/wp-json\/wp\/v2\/posts\/383294\/revisions"}],"wp:featuredmedia":[{"embeddable":true,"href":"https:\/\/www.europesays.com\/fr\/wp-json\/wp\/v2\/media\/383295"}],"wp:attachment":[{"href":"https:\/\/www.europesays.com\/fr\/wp-json\/wp\/v2\/media?parent=383294"}],"wp:term":[{"taxonomy":"category","embeddable":true,"href":"https:\/\/www.europesays.com\/fr\/wp-json\/wp\/v2\/categories?post=383294"},{"taxonomy":"post_tag","embeddable":true,"href":"https:\/\/www.europesays.com\/fr\/wp-json\/wp\/v2\/tags?post=383294"}],"curies":[{"name":"wp","href":"https:\/\/api.w.org\/{rel}","templated":true}]}}