{"id":383296,"date":"2025-09-11T17:18:13","date_gmt":"2025-09-11T17:18:13","guid":{"rendered":"https:\/\/www.europesays.com\/fr\/383296\/"},"modified":"2025-09-11T17:18:13","modified_gmt":"2025-09-11T17:18:13","slug":"la-pologne-cherche-du-soutien-la-finlande-donne-raison-a-trump","status":"publish","type":"post","link":"https:\/\/www.europesays.com\/fr\/383296\/","title":{"rendered":"La Pologne cherche du soutien, la Finlande donne raison \u00e0 Trump"},"content":{"rendered":"<p>Vous avez rat\u00e9 les derniers \u00e9v\u00e9nements sur la <a href=\"https:\/\/www.20minutes.fr\/monde\/ukraine\/\" class=\"c-link c-link--is-underlined\" target=\"_blank\" rel=\"noopener\">guerre en Ukraine<\/a>\u00a0? 20 Minutes fait le point pour vous tous les soirs. Voici l\u2019essentiel de ce jeudi 11\u00a0septembre, 1.296e jour du conflit.<\/p>\n<p>Le fait du jour<\/p>\n<p>En qu\u00eate de soutiens diplomatiques apr\u00e8s l\u2019intrusion de drones pr\u00e9sum\u00e9s russes sur son territoire, la <a href=\"https:\/\/www.20minutes.fr\/dossier\/pologne\" target=\"_blank\" class=\"c-link c-link--is-underlined\" rel=\"noopener\">Pologne<\/a> a annonc\u00e9 qu\u2019elle avait saisi le Conseil de s\u00e9curit\u00e9 de l\u2019<a href=\"https:\/\/www.20minutes.fr\/monde\/onu\/\" target=\"_blank\" class=\"c-link c-link--is-underlined\" rel=\"noopener\">ONU<\/a>, lequel se r\u00e9unira en urgence vendredi \u00e0 <a href=\"https:\/\/www.20minutes.fr\/dossier\/new_york\" target=\"_blank\" class=\"c-link c-link--is-underlined\" rel=\"noopener\">New York<\/a>.<\/p>\n<p>Jug\u00e9e d\u00e9lib\u00e9r\u00e9e par Varsovie et ses alli\u00e9s mais r\u00e9cus\u00e9e par <a href=\"https:\/\/www.20minutes.fr\/monde\/moscou\/\" target=\"_blank\" class=\"c-link c-link--is-underlined\" rel=\"noopener\">Moscou<\/a>, l\u2019intrusion d\u2019une vingtaine de drones venus du ciel ukrainien et de la <a href=\"https:\/\/www.20minutes.fr\/monde\/bielorussie\/\" target=\"_blank\" class=\"c-link c-link--is-underlined\" rel=\"noopener\">Bi\u00e9lorussie<\/a> a suscit\u00e9 une vive \u00e9motion dans le pays, qui r\u00e9clame un renforcement sur son sol des capacit\u00e9s militaires de l\u2019UE et de l\u2019Otan.<\/p>\n<\/p>\n<p>La saisine du Conseil de s\u00e9curit\u00e9 vise \u00e0 \u00ab\u00a0attirer l\u2019attention du monde entier sur cette attaque sans pr\u00e9c\u00e9dent men\u00e9e par des drones russes contre un pays membre non seulement de l\u2019ONU, mais aussi de l\u2019Union europ\u00e9enne et de l\u2019Otan\u00a0\u00bb, a justifi\u00e9 le chef de la diplomatie polonaise Radoslaw Sikorski \u00e0 la radio RMF FM. La <a href=\"https:\/\/www.20minutes.fr\/dossier\/lituanie\" target=\"_blank\" class=\"c-link c-link--is-underlined\" rel=\"noopener\">Lituanie<\/a> et la <a href=\"https:\/\/www.20minutes.fr\/dossier\/lettonie\" target=\"_blank\" class=\"c-link c-link--is-underlined\" rel=\"noopener\">Lettonie<\/a> ont elles aussi annonc\u00e9 des restrictions de trafic a\u00e9rien \u00e0 leurs fronti\u00e8res avec la <a href=\"https:\/\/www.20minutes.fr\/monde\/russie\/\" target=\"_blank\" class=\"c-link c-link--is-underlined\" rel=\"noopener\">Russie<\/a> et la Bi\u00e9lorussie. L\u2019Allemagne va de son c\u00f4t\u00e9 renforcer sa contribution \u00e0 la protection de l\u2019espace a\u00e9rien polonais.<\/p>\n<p>La d\u00e9claration du jour<\/p>\n<blockquote class=\"mx-m@xs mx-xxl@md color-ultramarine c-citation\">\n<p class=\"font-weight-regular@xs text-italic font-source-serif-pro text-l@xs c-citation__content\">\u00ab\u00a0Nous veillons \u00e0 ce que le pr\u00e9sident Trump sache qui alimente la machine de guerre russe en achetant de l\u2019\u00e9nergie russe\u00a0\u00bb<\/p>\n<\/blockquote>\n<p>Le pr\u00e9sident finlandais a accus\u00e9 la <a href=\"https:\/\/www.20minutes.fr\/dossier\/hongrie\" target=\"_blank\" class=\"c-link c-link--is-underlined\" rel=\"noopener\">Hongrie<\/a> et la <a href=\"https:\/\/www.20minutes.fr\/dossier\/slovaquie\" target=\"_blank\" class=\"c-link c-link--is-underlined\" rel=\"noopener\">Slovaquie<\/a> d&rsquo;\u00ab\u00a0alimenter\u00a0\u00bb l\u2019invasion de l\u2019Ukraine par leurs achats de ressources fossiles russes.<\/p>\n<p>\u00ab\u00a0Je pense que le pr\u00e9sident <a href=\"https:\/\/www.20minutes.fr\/dossier\/donald_trump\" target=\"_blank\" class=\"c-link c-link--is-underlined\" rel=\"noopener\">Trump<\/a> a raison lorsqu\u2019il dit que l\u2019Europe doit cesser d\u2019acheter du p\u00e9trole et du gaz russes. Deux pays sont point\u00e9s du doigt\u00a0: l\u2019un est la Hongrie et l\u2019autre la Slovaquie\u00a0\u00bb, a affirm\u00e9 Alexander Stubb lors d\u2019une conf\u00e9rence de presse conjointe avec son homologue ukrainien.<\/p>\n<p>Le chiffre du jour<\/p>\n<p>7,3. C\u2019est en milliards d\u2019euros le montant que la Su\u00e8de pr\u00e9voit de donner \u00e0 l\u2019Ukraine sur deux ans, en\u00a02026 et\u00a02027. \u00ab\u00a0Nous soulignons ainsi le caract\u00e8re durable de notre soutien\u00a0\u00bb \u00e0 Kiev, a d\u00e9clar\u00e9 le ministre de la D\u00e9fense, P\u00e5l Jonson, en conf\u00e9rence de presse.<\/p>\n<p>\u00ab\u00a0Je tiens \u00e9galement \u00e0 pr\u00e9ciser que m\u00eame si un cessez-le-feu ou m\u00eame un accord de paix venait \u00e0 \u00eatre conclu, le soutien militaire apport\u00e9 par la Su\u00e8de \u00e0 l\u2019Ukraine resterait important et se poursuivrait\u00a0\u00bb, a-t-il ajout\u00e9.<\/p>\n<p>La tendance<\/p>\n<p>La <a href=\"https:\/\/www.20minutes.fr\/monde\/georgie\/\" target=\"_blank\" class=\"c-link c-link--is-underlined\" rel=\"noopener\">G\u00e9orgie<\/a> a annonc\u00e9 l\u2019arrestation de deux citoyens ukrainiens accus\u00e9s d\u2019avoir introduit clandestinement dans le pays de puissants explosifs en provenance de la <a href=\"https:\/\/www.20minutes.fr\/monde\/turquie\/\" target=\"_blank\" class=\"c-link c-link--is-underlined\" rel=\"noopener\">Turquie<\/a> voisine.<\/p>\n<p>Selon les services de s\u00e9curit\u00e9 de ce pays du Caucase, leurs agents ont \u00ab\u00a0intercept\u00e9 un v\u00e9hicule transportant 2,4\u00a0kg d\u2019hexog\u00e8ne\u00a0\u00bb, un puissant explosif militaire \u00e9galement connu sous le nom de RDX.<\/p>\n<p><a href=\"http:\/\/www.20minutes.fr\/monde\/ukraine\" class=\"c-link c-btn c-btn--primary\" target=\"_blank\" rel=\"noopener\">Notre dossier sur la guerre en Ukraine<\/a><\/p>\n<p>\u00ab\u00a0Les services de s\u00e9curit\u00e9 de l\u2019\u00c9tat et le minist\u00e8re de l\u2019Int\u00e9rieur ont arr\u00eat\u00e9 deux citoyens ukrainiens\u00a0\u00bb dans cette affaire, ont-ils ajout\u00e9 lors d\u2019une conf\u00e9rence de presse.<\/p>\n<p>Les autorit\u00e9s g\u00e9orgiennes n\u2019ont pas fourni de d\u00e9tails sur les intentions de ces deux ressortissants ukrainiens, indiquant pour l\u2019heure avoir ouvert une enqu\u00eate pour \u00ab\u00a0possession et transport ill\u00e9gaux d\u2019explosifs\u00a0\u00bb. Le gouvernement g\u00e9orgien est accus\u00e9 par ses d\u00e9tracteurs de vouloir se rapprocher de Moscou, ce qu\u2019il d\u00e9ment.<\/p>\n","protected":false},"excerpt":{"rendered":"Vous avez rat\u00e9 les derniers \u00e9v\u00e9nements sur la guerre en Ukraine\u00a0? 20 Minutes fait le point pour vous&hellip;\n","protected":false},"author":2,"featured_media":383297,"comment_status":"","ping_status":"","sticky":false,"template":"","format":"standard","meta":{"footnotes":""},"categories":[1590],"tags":[47,11,75,564,73,1777,674,131,74,12,136,132,220,555,135],"class_list":{"0":"post-383296","1":"post","2":"type-post","3":"status-publish","4":"format-standard","5":"has-post-thumbnail","7":"category-ukraine","8":"tag-actualite","9":"tag-actualites","10":"tag-donald-trump","11":"tag-drone","12":"tag-etats-unis","13":"tag-eu","14":"tag-europe","15":"tag-guerre-en-ukraine","16":"tag-monde","17":"tag-news","18":"tag-otan","19":"tag-russie","20":"tag-ukraine","21":"tag-union-europeenne-ue","22":"tag-vladimir-poutine"},"share_on_mastodon":{"url":"https:\/\/pubeurope.com\/@fr\/115186807907742035","error":""},"_links":{"self":[{"href":"https:\/\/www.europesays.com\/fr\/wp-json\/wp\/v2\/posts\/383296","targetHints":{"allow":["GET"]}}],"collection":[{"href":"https:\/\/www.europesays.com\/fr\/wp-json\/wp\/v2\/posts"}],"about":[{"href":"https:\/\/www.europesays.com\/fr\/wp-json\/wp\/v2\/types\/post"}],"author":[{"embeddable":true,"href":"https:\/\/www.europesays.com\/fr\/wp-json\/wp\/v2\/users\/2"}],"replies":[{"embeddable":true,"href":"https:\/\/www.europesays.com\/fr\/wp-json\/wp\/v2\/comments?post=383296"}],"version-history":[{"count":0,"href":"https:\/\/www.europesays.com\/fr\/wp-json\/wp\/v2\/posts\/383296\/revisions"}],"wp:featuredmedia":[{"embeddable":true,"href":"https:\/\/www.europesays.com\/fr\/wp-json\/wp\/v2\/media\/383297"}],"wp:attachment":[{"href":"https:\/\/www.europesays.com\/fr\/wp-json\/wp\/v2\/media?parent=383296"}],"wp:term":[{"taxonomy":"category","embeddable":true,"href":"https:\/\/www.europesays.com\/fr\/wp-json\/wp\/v2\/categories?post=383296"},{"taxonomy":"post_tag","embeddable":true,"href":"https:\/\/www.europesays.com\/fr\/wp-json\/wp\/v2\/tags?post=383296"}],"curies":[{"name":"wp","href":"https:\/\/api.w.org\/{rel}","templated":true}]}}