{"id":383299,"date":"2025-09-11T17:20:11","date_gmt":"2025-09-11T17:20:11","guid":{"rendered":"https:\/\/www.europesays.com\/fr\/383299\/"},"modified":"2025-09-11T17:20:11","modified_gmt":"2025-09-11T17:20:11","slug":"le-corps-dun-jeune-randonneur-retrouve-six-ans-apres-sa-disparition","status":"publish","type":"post","link":"https:\/\/www.europesays.com\/fr\/383299\/","title":{"rendered":"Le corps d\u2019un jeune randonneur retrouv\u00e9 six ans apr\u00e8s sa disparition"},"content":{"rendered":"<p>Six ans d\u2019interrogation qui s\u2019ach\u00e8vent de la mani\u00e8re la plus triste qui soit. Le corps de Jordan Moray, un <a href=\"https:\/\/www.20minutes.fr\/monde\/royaume-uni\/\" class=\"c-link c-link--is-underlined\" rel=\"nofollow noopener\" target=\"_blank\">Britannique<\/a> de 33 ans port\u00e9 disparu depuis juillet\u00a02019, a \u00e9t\u00e9 retrouv\u00e9.<\/p>\n<p>Originaire de Cwmbach, \u00e0 35 kilom\u00e8tres au nord de <a href=\"https:\/\/www.20minutes.fr\/dossier\/pays_de_galles\" class=\"c-link c-link--is-underlined\" rel=\"nofollow noopener\" target=\"_blank\">Cardiff<\/a>, l\u2019homme a \u00e9t\u00e9 retrouv\u00e9 le 29\u00a0ao\u00fbt dernier \u00ab\u00a0dans une zone recul\u00e9e \u00e0 proximit\u00e9 du r\u00e9servoir de Llwyn On dans les Brecon Beacons\u00a0\u00bb, explique <a href=\"https:\/\/www.south-wales.police.uk\/news\/south-wales\/news\/2025\/september\/human-remains-found-in-brecon-beacons-confirmed-to-be-those-of-jordan-moray\/\" rel=\"nofollow noopener\" target=\"_blank\" class=\"c-link c-link--is-underlined\">un communiqu\u00e9 de la police du Pays de Galles<\/a> qui ajoute que sa mort \u00ab\u00a0n\u2019est pas consid\u00e9r\u00e9e comme suspecte\u00a0\u00bb.<\/p>\n<p>Son fr\u00e8re lui rend hommage<\/p>\n<p>Le parc national du Brecon Beacons englobe plusieurs massifs montagneux escarp\u00e9s. Il est r\u00e9put\u00e9 pour l\u2019observation des \u00e9toiles et la randonn\u00e9e.<\/p>\n<p>Selon la police, les proches de Jordan ont \u00e9t\u00e9 inform\u00e9s \u00ab\u00a0et sa famille a demand\u00e9 le respect de sa vie priv\u00e9e en cette p\u00e9riode difficile\u00a0\u00bb.<\/p>\n<p><a href=\"https:\/\/www.20minutes.fr\/monde\/\" class=\"c-link c-btn c-btn--primary\" rel=\"nofollow noopener\" target=\"_blank\">Retrouvez ici toute l&rsquo;actualit\u00e9 internationale<\/a><\/p>\n<p>Le fr\u00e8re de Jordan, Josh, <a href=\"https:\/\/www.facebook.com\/josh.moray\/posts\/10163215169296075?ref=embed_post\" target=\"_blank\" class=\"c-link c-link--is-underlined\" rel=\"nofollow noopener\">s\u2019est tout de m\u00eame exprim\u00e9 sur Facebook<\/a>. \u00ab\u00a0Comme certains d\u2019entre vous savent peut-\u00eatre que mon fr\u00e8re Jordan a disparu il y a 6 ans. Simple mise \u00e0 jour pour vous dire qu\u2019un promeneur est tomb\u00e9 sur des restes humains \u00e0 Brecon la semaine derni\u00e8re. L\u2019autopsie a \u00e9t\u00e9 r\u00e9alis\u00e9e et il s\u2019av\u00e8re qu\u2019il s\u2019agit bien de mon fr\u00e8re\u00a0\u00bb, explique-t-il dans un post surmont\u00e9 de photos de son fr\u00e8re.<\/p>\n<p>Par des mots \u00e9mouvants, il raconte que Jordan n\u2019\u00e9tait \u00ab\u00a0pas seulement [mon] fr\u00e8re, il \u00e9tait [mon] meilleur ami\u00a0\u00bb. \u00ab\u00a0Ma maman et mon papa vont pouvoir d\u00e9sormais l\u2019enterrer\u00a0\u00bb, ajoute-t-il.<\/p>\n<p>Sa famille n\u2019avait jamais cess\u00e9 de le chercher. Sa maman avait m\u00eame fait plusieurs apparitions dans les m\u00e9dias pour raconter sa situation.<\/p>\n","protected":false},"excerpt":{"rendered":"Six ans d\u2019interrogation qui s\u2019ach\u00e8vent de la mani\u00e8re la plus triste qui soit. Le corps de Jordan Moray,&hellip;\n","protected":false},"author":2,"featured_media":383300,"comment_status":"","ping_status":"","sticky":false,"template":"","format":"standard","meta":{"footnotes":""},"categories":[1588],"tags":[47,11,2715,1777,674,4688,5072,74,12,12044,473,1853,1851,1850,1852],"class_list":{"0":"post-383299","1":"post","2":"type-post","3":"status-publish","4":"format-standard","5":"has-post-thumbnail","7":"category-royaume-uni","8":"tag-actualite","9":"tag-actualites","10":"tag-disparition","11":"tag-eu","12":"tag-europe","13":"tag-facebook","14":"tag-grande-bretagne","15":"tag-monde","16":"tag-news","17":"tag-pays-de-galles","18":"tag-royaume-uni","19":"tag-royaume-uni-de-grande-bretagne-et-dirlande-du-nord","20":"tag-uk","21":"tag-united-kingdom","22":"tag-united-kingdom-of-great-britain-and-northern-ireland"},"share_on_mastodon":{"url":"https:\/\/pubeurope.com\/@fr\/115186815764446315","error":""},"_links":{"self":[{"href":"https:\/\/www.europesays.com\/fr\/wp-json\/wp\/v2\/posts\/383299","targetHints":{"allow":["GET"]}}],"collection":[{"href":"https:\/\/www.europesays.com\/fr\/wp-json\/wp\/v2\/posts"}],"about":[{"href":"https:\/\/www.europesays.com\/fr\/wp-json\/wp\/v2\/types\/post"}],"author":[{"embeddable":true,"href":"https:\/\/www.europesays.com\/fr\/wp-json\/wp\/v2\/users\/2"}],"replies":[{"embeddable":true,"href":"https:\/\/www.europesays.com\/fr\/wp-json\/wp\/v2\/comments?post=383299"}],"version-history":[{"count":0,"href":"https:\/\/www.europesays.com\/fr\/wp-json\/wp\/v2\/posts\/383299\/revisions"}],"wp:featuredmedia":[{"embeddable":true,"href":"https:\/\/www.europesays.com\/fr\/wp-json\/wp\/v2\/media\/383300"}],"wp:attachment":[{"href":"https:\/\/www.europesays.com\/fr\/wp-json\/wp\/v2\/media?parent=383299"}],"wp:term":[{"taxonomy":"category","embeddable":true,"href":"https:\/\/www.europesays.com\/fr\/wp-json\/wp\/v2\/categories?post=383299"},{"taxonomy":"post_tag","embeddable":true,"href":"https:\/\/www.europesays.com\/fr\/wp-json\/wp\/v2\/tags?post=383299"}],"curies":[{"name":"wp","href":"https:\/\/api.w.org\/{rel}","templated":true}]}}