{"id":383303,"date":"2025-09-11T17:22:19","date_gmt":"2025-09-11T17:22:19","guid":{"rendered":"https:\/\/www.europesays.com\/fr\/383303\/"},"modified":"2025-09-11T17:22:19","modified_gmt":"2025-09-11T17:22:19","slug":"vendu-comme-le-plus-grand-deurope-larchipel-de-chausey-lest-il-vraiment","status":"publish","type":"post","link":"https:\/\/www.europesays.com\/fr\/383303\/","title":{"rendered":"Vendu comme le plus grand d\u2019Europe, l\u2019archipel de Chausey l\u2019est-il vraiment\u00a0?"},"content":{"rendered":"<p>            Par<br \/>\n        <strong><br \/>\n            <a href=\"https:\/\/actu.fr\/auteur\/sebastien-lucot\" title=\"Consulter tous les articles de Sebastien Lucot\" rel=\"nofollow noopener\" target=\"_blank\">Sebastien Lucot<\/a><br \/>\n        <\/strong><\/p>\n<p>        Publi\u00e9 le<\/p>\n<p>            11 sept. 2025 \u00e0 18h52        <\/p>\n<p>L\u2019archipel de <a href=\"https:\/\/actu.fr\/tag\/chausey\" rel=\"nofollow noopener\" target=\"_blank\">Chausey<\/a> au large de Granville (<a href=\"https:\/\/actu.fr\/normandie\/manche_50\" rel=\"nofollow noopener\" target=\"_blank\">Manche<\/a>), devenu au fil du temps lieu de vill\u00e9giature et site touristique,<b> fait r\u00e9guli\u00e8rement l\u2019objet de la qualification de<\/b> \u00ab\u2009plus grand archipel d\u2019Europe\u2009\u00bb.<\/p>\n<p class=\" wall-content\">Compos\u00e9 d\u2019une vingtaine d\u2019\u00eeles et d\u2019un peu plus de 130 \u00eelots \u2013 des chiffres variant en fonction du marnage lors de mar\u00e9es plus ou moins importantes \u2013 il serait constitu\u00e9, selon la tradition locale, de <b>365 \u00eelots visibles \u00e0 mar\u00e9es basse et 52 \u00e0 mar\u00e9e haute.<\/b> Un clin d\u2019\u0153il aux nombres de jours et de semaines dans l\u2019ann\u00e9e.<\/p>\n<p>Loin derri\u00e8re la Finlande<\/p>\n<p class=\" wall-content\">Or, cette qualification, <b>si elle est reprise par<\/b> l\u2019office de tourisme local, l\u2019agence d\u2019attractivit\u00e9 Attitude Manche ou encore le site du minist\u00e8re de la Transition \u00e9cologique, de la Biodiversit\u00e9, de la For\u00eat, de la Mer et de la P\u00eache dans plusieurs de leurs publications, elle reste <b>g\u00e9ographiquement infond\u00e9e.<\/b><\/p>\n<p class=\" wall-content\">En effet, m\u00eame en prenant en compte les nombres d\u2019\u00eeles et d\u2019\u00eelots relay\u00e9s par les locaux, l\u2019<a href=\"https:\/\/actu.fr\/normandie\/granville_50218\/des-dizaines-de-bateaux-abandonnes-sommes-detre-retires-sur-les-cotes-de-la-manche_63146035.html\" rel=\"nofollow noopener\" target=\"_blank\">archipel de Chausey<\/a> et ses 50 km\u00b2 sont aux antipodes d\u2019autres archipels europ\u00e9ens, <b>bien plus imposants.<\/b><\/p>\n<p class=\" wall-content\">Le plus important d\u2019Europe, mais aussi du monde, se trouve d\u2019ailleurs en mer Baltique. Appel\u00e9 <b>archipel finlandais<\/b>, puisque situ\u00e9e au sud-ouest imm\u00e9diat du pays, celui-ci est compos\u00e9 de<b> 50\u2009000 \u00eeles et \u00eelots.<\/b><\/p>\n<p>\u00ab\u2009Des dizaines voire centaines d\u2019autres exemples\u2009\u00bb<\/p>\n<p class=\" wall-content\">Cette affiliation donn\u00e9e r\u00e9guli\u00e8rement \u00e0 l\u2019archipel manchois est jug\u00e9e \u00ab<b>\u2009invraisemblable\u2009<\/b>\u00bb par le docteur en g\u00e9ographie granvillais Christian Fleury. Sp\u00e9cialiste des \u00eeles Anglo-normandes sur lesquelles il a soutenu sa th\u00e8se en 2006, il \u00e9voque<b> de nombreux autres archipels surpassant Chausey\u2009: <\/b>\u00ab\u2009N\u2019oublions pas les Shetlands, les H\u00e9brides, les Orcades, les \u00eeles F\u00e9ro\u00e9, les Cyclades\u2026 et des dizaines voire centaines d\u2019autres exemples\u2009\u00bb.<\/p>\n<p class=\" wall-content\">La mention \u00ab\u2009plus grand archipel d\u2019Europe\u2009\u00bb est-elle davantage vendeuse pour attirer les touristes\u2009? Fort heureusement, par la beaut\u00e9 de ses paysages, <b>Chausey ne se r\u00e9sume pas \u00e0 sa taille <\/b>ni au concours de celui qui a la plus grosse.<\/p>\n<p class=\" wall-content\">Personnalisez votre actualit\u00e9 en ajoutant vos villes et m\u00e9dias en favori avec <a href=\"https:\/\/moncompte.actu.fr\" title=\"D\u00e9couvez Mon Actu\" rel=\"nofollow noopener\" data-trk=\"{&quot;cta&quot;:{&quot;action&quot;:&quot;https:\\\/\\\/moncompte.actu.fr&quot;,&quot;category&quot;:&quot;mon compte&quot;,&quot;from&quot;:&quot;article footer&quot;,&quot;name&quot;:&quot;Mon actu&quot;,&quot;type&quot;:&quot;cta&quot;}}\" target=\"_blank\">Mon Actu<\/a>.<\/p>\n","protected":false},"excerpt":{"rendered":"Par Sebastien Lucot Publi\u00e9 le 11 sept. 2025 \u00e0 18h52 L\u2019archipel de Chausey au large de Granville (Manche),&hellip;\n","protected":false},"author":2,"featured_media":383304,"comment_status":"","ping_status":"","sticky":false,"template":"","format":"standard","meta":{"footnotes":""},"categories":[1586],"tags":[11,51602,3168,1777,674,1011,27,12,25,104],"class_list":{"0":"post-383303","1":"post","2":"type-post","3":"status-publish","4":"format-standard","5":"has-post-thumbnail","7":"category-europe","8":"tag-actualites","9":"tag-chausey","10":"tag-cotentin","11":"tag-eu","12":"tag-europe","13":"tag-fr","14":"tag-france","15":"tag-news","16":"tag-republique-francaise","17":"tag-societe"},"share_on_mastodon":{"url":"https:\/\/pubeurope.com\/@fr\/115186823653843970","error":""},"_links":{"self":[{"href":"https:\/\/www.europesays.com\/fr\/wp-json\/wp\/v2\/posts\/383303","targetHints":{"allow":["GET"]}}],"collection":[{"href":"https:\/\/www.europesays.com\/fr\/wp-json\/wp\/v2\/posts"}],"about":[{"href":"https:\/\/www.europesays.com\/fr\/wp-json\/wp\/v2\/types\/post"}],"author":[{"embeddable":true,"href":"https:\/\/www.europesays.com\/fr\/wp-json\/wp\/v2\/users\/2"}],"replies":[{"embeddable":true,"href":"https:\/\/www.europesays.com\/fr\/wp-json\/wp\/v2\/comments?post=383303"}],"version-history":[{"count":0,"href":"https:\/\/www.europesays.com\/fr\/wp-json\/wp\/v2\/posts\/383303\/revisions"}],"wp:featuredmedia":[{"embeddable":true,"href":"https:\/\/www.europesays.com\/fr\/wp-json\/wp\/v2\/media\/383304"}],"wp:attachment":[{"href":"https:\/\/www.europesays.com\/fr\/wp-json\/wp\/v2\/media?parent=383303"}],"wp:term":[{"taxonomy":"category","embeddable":true,"href":"https:\/\/www.europesays.com\/fr\/wp-json\/wp\/v2\/categories?post=383303"},{"taxonomy":"post_tag","embeddable":true,"href":"https:\/\/www.europesays.com\/fr\/wp-json\/wp\/v2\/tags?post=383303"}],"curies":[{"name":"wp","href":"https:\/\/api.w.org\/{rel}","templated":true}]}}