{"id":383305,"date":"2025-09-11T17:23:13","date_gmt":"2025-09-11T17:23:13","guid":{"rendered":"https:\/\/www.europesays.com\/fr\/383305\/"},"modified":"2025-09-11T17:23:13","modified_gmt":"2025-09-11T17:23:13","slug":"lunion-europeenne-cherche-un-compromis-avec-lindustrie-automobile","status":"publish","type":"post","link":"https:\/\/www.europesays.com\/fr\/383305\/","title":{"rendered":"L\u2019Union Europ\u00e9enne cherche un compromis avec l\u2019industrie automobile"},"content":{"rendered":"<p><strong>D\u00c9CRYPTAGE &#8211;<\/strong> Les industriels esp\u00e8rent un \u00abbig bang\u00bb qui remettrait en cause le couperet de 2035. Ursula von\u00a0der\u00a0Leyen leur proposera de la \u00abflexibilit\u00e9\u00bb.<\/p>\n<p class=\"fig-paragraph\">Industriels de la voiture, \u00e9lus et m\u00eame ONG ont sorti l\u2019artillerie lourde pour peser dans le \u00ab\u00a0dialogue strat\u00e9gique\u00a0\u00bb qui s\u2019ouvre \u00e0 nouveau ce vendredi avec la Commission europ\u00e9enne. Alors qu\u2019Ursula von\u00a0der\u00a0Leyen cherche \u00e0 \u00e9viter que la question du soutien au\u00a0<a href=\"http:\/\/www.lefigaro.fr\/societes\/ne-reculez-pas-150-entreprises-exhortent-l-ue-a-maintenir-son-objectif-de-100-de-voitures-electriques-en-2035-20250908\" data-fig-type=\"NewsFlash\" data-gtm-custom-categorie=\"navigation\" data-gtm-custom-action=\"crossclick\" data-gtm-custom-label=\"Contextuel\" data-gtm-event=\"customEventSPE\" data-fig-domain=\"LEFIGARO\" target=\"_blank\" rel=\"noopener\">secteur automobile<\/a>\u00a0se cristallise sur la date butoir de 2035, les constructeurs, les \u00e9quipementiers et les fournisseurs sont formels\u00a0: conserver l\u2019objectif d\u2019un march\u00e9 z\u00e9ro \u00e9mission dans dix ans va conduire \u00e0 la suppression de centaines de milliers de postes ces prochaines ann\u00e9es.<\/p>\n<p class=\"fig-paragraph\">Les \u00e9quipementiers et les fournisseurs regroup\u00e9s dans le Clepa ont fait leurs calculs\u00a0: sur 1,7\u00a0million d\u2019emplois en Europe, 300.000\u00a0\u00e0 350.000 sont menac\u00e9s dans les cinq prochaines ann\u00e9es si l\u2019objectif de 2035 est maintenu. \u00ab\u00a0Les \u00e9quipementiers automobiles sont confront\u00e9s \u00e0 des dizaines de milliers de suppressions d\u2019emplois\u00a0: plus de 54.000 en 2024, et d\u00e9j\u00e0 22.000 suppl\u00e9mentaires cette ann\u00e9e, en raison de la fermeture d\u2019usines et du ralentissement\u2026<\/p>\n<p class=\"fig-premium-paywall__infos\">\n        Cet article est r\u00e9serv\u00e9 aux abonn\u00e9s.        Il vous reste 82% \u00e0 d\u00e9couvrir.\n    <\/p>\n<p>                <img  data- alt=\"Le Figaro\" class=\"fig-img--complete fig-img\"\/><\/p>\n<p class=\"fig-premium-paywall__title\">Vous avez envie de lire la suite ?<\/p>\n<p class=\"fig-premium-paywall__subtitle\">D\u00e9bloquez tous les articles imm\u00e9diatement.<\/p>\n<p class=\"fig-premium-paywall__connect\">\n                D\u00e9j\u00e0 abonn\u00e9\u00a0?                <a class=\"fig-premium-paywall__connect-link\" href=\"https:\/\/connect.lefigaro.fr\/login?client=horizon_web&amp;type=main&amp;redirect_uri=https%3A%2F%2Fwww.lefigaro.fr%2Fsocietes%2Fl-union-europeenne-cherche-un-compromis-avec-l-industrie-automobile-20250911\" data-js-gtm=\"{&quot;customCategorie&quot;: &quot;conversion&quot;, &quot;customAction&quot;: &quot;before_Landing_Connexion_paywall_auto&quot;, &quot;customLabel&quot;: &quot;bGVmaWdhcm8uZnJfXzFmMDhmMGQ5LTQyYjQtNmIzZS04ODMzLThmM2FiNTk3ZDFhNl9fQXJ0aWNsZQ==_L\u2019Union Europ\u00e9enne cherche un compromis avec l\u2019industrie automobile_449&quot;, &quot;customIDSPE&quot;: &quot;bGVmaWdhcm8uZnJfXzFmMDhmMGQ5LTQyYjQtNmIzZS04ODMzLThmM2FiNTk3ZDFhNl9fQXJ0aWNsZQ==&quot;, &quot;event&quot;: &quot;customEventSPE&quot;}\" target=\"_blank\" rel=\"noopener\"><br \/>\n                    Connectez-vous<br \/>\n                <\/a>\n            <\/p>\n","protected":false},"excerpt":{"rendered":"D\u00c9CRYPTAGE &#8211; Les industriels esp\u00e8rent un \u00abbig bang\u00bb qui remettrait en cause le couperet de 2035. Ursula von\u00a0der\u00a0Leyen&hellip;\n","protected":false},"author":2,"featured_media":383306,"comment_status":"","ping_status":"","sticky":false,"template":"","format":"standard","meta":{"footnotes":""},"categories":[1586],"tags":[11,646,1777,674,1779,1011,27,12,25,1778,364,2544],"class_list":{"0":"post-383305","1":"post","2":"type-post","3":"status-publish","4":"format-standard","5":"has-post-thumbnail","7":"category-europe","8":"tag-actualites","9":"tag-automobile","10":"tag-eu","11":"tag-europe","12":"tag-european-union","13":"tag-fr","14":"tag-france","15":"tag-news","16":"tag-republique-francaise","17":"tag-ue","18":"tag-union-europeenne","19":"tag-ursula-von-der-leyen"},"share_on_mastodon":{"url":"https:\/\/pubeurope.com\/@fr\/115186827537325025","error":""},"_links":{"self":[{"href":"https:\/\/www.europesays.com\/fr\/wp-json\/wp\/v2\/posts\/383305","targetHints":{"allow":["GET"]}}],"collection":[{"href":"https:\/\/www.europesays.com\/fr\/wp-json\/wp\/v2\/posts"}],"about":[{"href":"https:\/\/www.europesays.com\/fr\/wp-json\/wp\/v2\/types\/post"}],"author":[{"embeddable":true,"href":"https:\/\/www.europesays.com\/fr\/wp-json\/wp\/v2\/users\/2"}],"replies":[{"embeddable":true,"href":"https:\/\/www.europesays.com\/fr\/wp-json\/wp\/v2\/comments?post=383305"}],"version-history":[{"count":0,"href":"https:\/\/www.europesays.com\/fr\/wp-json\/wp\/v2\/posts\/383305\/revisions"}],"wp:featuredmedia":[{"embeddable":true,"href":"https:\/\/www.europesays.com\/fr\/wp-json\/wp\/v2\/media\/383306"}],"wp:attachment":[{"href":"https:\/\/www.europesays.com\/fr\/wp-json\/wp\/v2\/media?parent=383305"}],"wp:term":[{"taxonomy":"category","embeddable":true,"href":"https:\/\/www.europesays.com\/fr\/wp-json\/wp\/v2\/categories?post=383305"},{"taxonomy":"post_tag","embeddable":true,"href":"https:\/\/www.europesays.com\/fr\/wp-json\/wp\/v2\/tags?post=383305"}],"curies":[{"name":"wp","href":"https:\/\/api.w.org\/{rel}","templated":true}]}}