{"id":383307,"date":"2025-09-11T17:24:14","date_gmt":"2025-09-11T17:24:14","guid":{"rendered":"https:\/\/www.europesays.com\/fr\/383307\/"},"modified":"2025-09-11T17:24:14","modified_gmt":"2025-09-11T17:24:14","slug":"le-rn-reflechit-a-une-loi-damnistie-pour-marine-le-pen-en-cas-darrivee-au-pouvoir","status":"publish","type":"post","link":"https:\/\/www.europesays.com\/fr\/383307\/","title":{"rendered":"Le RN r\u00e9fl\u00e9chit \u00e0 une \u00ab\u00a0loi d\u2019amnistie\u00a0\u00bb pour\u00a0Marine Le Pen en cas d\u2019arriv\u00e9e au pouvoir"},"content":{"rendered":"<p>                         <img loading=\"lazy\" decoding=\"async\" src=\"https:\/\/www.europesays.com\/fr\/wp-content\/uploads\/2025\/09\/2df6c9e_upload-1-uvx70ttefjqg-jmug250908068.jpg\" alt=\"La pr\u00e9sidente du groupe RN \u00e0 l\u2019Assembl\u00e9e nationale, Marine Le Pen, dans l\u2019H\u00e9micycle, le 8\u00a0septembre\u00a02025.\"   width=\"664\" height=\"443\"\/>    La pr\u00e9sidente du groupe RN \u00e0 l\u2019Assembl\u00e9e nationale, Marine Le Pen, dans l\u2019H\u00e9micycle, le 8\u00a0septembre\u00a02025.  JULIEN MUGUET POUR \u00ab\u00a0LE MONDE \u00bb                 <\/p>\n<p class=\"article__paragraph  \">Le programme du Rassemblement national (RN), en cas d\u2019\u00e9lections l\u00e9gislatives anticip\u00e9es et d\u2019accession \u00e0 Matignon, reste encore \u00e0 affiner\u00a0; mais un projet de loi est d\u00e9j\u00e0 dans toutes les t\u00eates lep\u00e9nistes. Celui qui permettrait \u00e0 Marine Le\u00a0Pen de se porter candidate \u00e0 l\u2019\u00e9lection pr\u00e9sidentielle de 2027. Faut-il voir l\u00e0, comme le soup\u00e7onnent plusieurs figures centristes, l\u2019une des causes de l\u2019empressement de Marine Le\u00a0Pen \u00e0 r\u00e9clamer une dissolution de l\u2019Assembl\u00e9e nationale\u00a0?<\/p>\n<p class=\"article__paragraph  \">Les hi\u00e9rarques d\u2019extr\u00eame droite ne font en tout cas pas myst\u00e8re de leur volont\u00e9 de faire voter, si un retour aux urnes leur en offrait la possibilit\u00e9, une loi sur mesure pour la d\u00e9put\u00e9e du Pas-de-Calais, frapp\u00e9e d\u2019une peine d\u2019in\u00e9ligibilit\u00e9 de cinq ans avec ex\u00e9cution provisoire pour d\u00e9tournement de fonds publics dans l\u2019affaire des assistants parlementaires du FN (devenu RN en\u00a02018) \u2013 jugement dont elle a fait appel, le deuxi\u00e8me proc\u00e8s devant avoir lieu \u00e0 partir de janvier\u00a02026. Un principe qui a historiquement fait tonner la famille Le\u00a0Pen, qui l\u2019exploitait jadis pour alimenter le rejet des politiques au pouvoir.<\/p>\n<p class=\"reading-mode-only \"><strong>Il vous reste 85.48% de cet article \u00e0 lire. La suite est r\u00e9serv\u00e9e aux abonn\u00e9s.<\/strong><\/p>\n","protected":false},"excerpt":{"rendered":"La pr\u00e9sidente du groupe RN \u00e0 l\u2019Assembl\u00e9e nationale, Marine Le Pen, dans l\u2019H\u00e9micycle, le 8\u00a0septembre\u00a02025. JULIEN MUGUET POUR&hellip;\n","protected":false},"author":2,"featured_media":383308,"comment_status":"","ping_status":"","sticky":false,"template":"","format":"standard","meta":{"footnotes":""},"categories":[2],"tags":[11,1011,27,12,25],"class_list":{"0":"post-383307","1":"post","2":"type-post","3":"status-publish","4":"format-standard","5":"has-post-thumbnail","7":"category-actualites","8":"tag-actualites","9":"tag-fr","10":"tag-france","11":"tag-news","12":"tag-republique-francaise"},"share_on_mastodon":{"url":"https:\/\/pubeurope.com\/@fr\/115186832039565302","error":""},"_links":{"self":[{"href":"https:\/\/www.europesays.com\/fr\/wp-json\/wp\/v2\/posts\/383307","targetHints":{"allow":["GET"]}}],"collection":[{"href":"https:\/\/www.europesays.com\/fr\/wp-json\/wp\/v2\/posts"}],"about":[{"href":"https:\/\/www.europesays.com\/fr\/wp-json\/wp\/v2\/types\/post"}],"author":[{"embeddable":true,"href":"https:\/\/www.europesays.com\/fr\/wp-json\/wp\/v2\/users\/2"}],"replies":[{"embeddable":true,"href":"https:\/\/www.europesays.com\/fr\/wp-json\/wp\/v2\/comments?post=383307"}],"version-history":[{"count":0,"href":"https:\/\/www.europesays.com\/fr\/wp-json\/wp\/v2\/posts\/383307\/revisions"}],"wp:featuredmedia":[{"embeddable":true,"href":"https:\/\/www.europesays.com\/fr\/wp-json\/wp\/v2\/media\/383308"}],"wp:attachment":[{"href":"https:\/\/www.europesays.com\/fr\/wp-json\/wp\/v2\/media?parent=383307"}],"wp:term":[{"taxonomy":"category","embeddable":true,"href":"https:\/\/www.europesays.com\/fr\/wp-json\/wp\/v2\/categories?post=383307"},{"taxonomy":"post_tag","embeddable":true,"href":"https:\/\/www.europesays.com\/fr\/wp-json\/wp\/v2\/tags?post=383307"}],"curies":[{"name":"wp","href":"https:\/\/api.w.org\/{rel}","templated":true}]}}