{"id":383309,"date":"2025-09-11T17:25:11","date_gmt":"2025-09-11T17:25:11","guid":{"rendered":"https:\/\/www.europesays.com\/fr\/383309\/"},"modified":"2025-09-11T17:25:11","modified_gmt":"2025-09-11T17:25:11","slug":"violences-urbaines-le-ministere-de-linterieur-renonce-a-une-directive-contestee-par-les-journalistes-le-monde-fr","status":"publish","type":"post","link":"https:\/\/www.europesays.com\/fr\/383309\/","title":{"rendered":"Violences urbaines : le minist\u00e8re de l\u2019int\u00e9rieur renonce \u00e0 une directive contest\u00e9e par les journalistes &#8211; Le Monde.fr"},"content":{"rendered":"<ol>\n<li><a href=\"https:\/\/news.google.com\/rss\/articles\/CBMi_gFBVV95cUxOd3N5ZnFySFpmbWJkYXFCa3R5S092RVAyV01Nb2YybHF4N1dOdlhKbzZWOW5DcjZWeHZhUlFDZ09qVjZmX1Y5eVZqYU1GVk9PV1lyWnJUME1MS3M1N2NNWGY1YVhOTWtBalZhR3JVMFlUUnp4M0VyYVE1VkVaVzJqNTZIYzE3WnROUWFLbFp0QnlhenJROG5Ra1dRUmJPa3Y4bkxrM3laNURNT3VsUmZrZXUwY3VDeV84c29FM1pBZmczVDJWang0bUZLOUF5ejlXNmRteU1JZDlVbDRDdmpmb0JrMjNxWG5oWDhYd0xySEZ5akxZLW1ZYm84QVhPZw?oc=5\" target=\"_blank\" rel=\"nofollow noopener\">Violences urbaines : le minist\u00e8re de l\u2019int\u00e9rieur renonce \u00e0 une directive contest\u00e9e par les journalistes<\/a>&nbsp;&nbsp;Le Monde.fr<\/li>\n<li><a href=\"https:\/\/news.google.com\/rss\/articles\/CBMiswJBVV95cUxOTVJEbWVURXNQS3l5Rll6cjlCVUc4MVUySExjQmFPRXpHOUlQTFdyb2o0bjZXYmFHb09xM0Y1SnozZVZWVWlyX1RkZ3NjeS1jUkdoNlhlNVhqYm5JRnEyLVVqYkxVaVY1eU95LW5IZWdwZVhUZXp0M3l4dlptcFpUSVowNkRVVkZXNlo1MXQ4b01pVm41TEJUaklUX3NJTnB4U0N4MEVNb2QzVW1nQzF1Zm9JVU5jU0NsZk9HcVo0XzRMaGJrR0l5ZGdiSWdTaWo0a1ZPamE0YmZJeUxIWGFlNC00N2s4QWNfbTMtOTMtaldhelc3eVFRTzFWSXNLUXI1RFJJT0RYZmt1ZmQwczkxaEtjVUFOQTFpbWtqQXBxWGZDMVRpVFBQcko4dXFuNE11ODRB?oc=5\" target=\"_blank\" rel=\"nofollow noopener\">\u00abViolences urbaines\u00bb : l\u2019Int\u00e9rieur recule sur les mesures visant les journalistes mais confirme la possible mobilisation du Raid<\/a>&nbsp;&nbsp;Lib\u00e9ration<\/li>\n<li><a href=\"https:\/\/news.google.com\/rss\/articles\/CBMi0wFBVV95cUxPdTlzeF9CTXlFemhlNmNVcjU0SzBFaDVjeDVGZ3B2QlFnZ3k0VGE4YzM4bDZGaXFnMVF5aUlYYVBFZTNqc3V6clZMeG5WVmYwR3ZlY3ZaNmNxSy0zaGVkSGQtR3h3UmZJcDlneDBPZ2stRThmQVZvRkQ2VkJ4Yk93WGRnRm9mTEVTbmlNSHR1QThuWlRTTTdZQmFTM2UtWmhxZHh6bVI4THRMTWpqNVgwMVVIQ3hUV1ZKRm4xYkMyQUk4eWVEc3A1c0NTUDlOa2hpUlQ0?oc=5\" target=\"_blank\" rel=\"nofollow noopener\">\u00ab Bloquons tout le 10 septembre \u00bb : Un texte pass\u00e9 en douce n\u2019autorise plus les journalistes en manifestation ?<\/a>&nbsp;&nbsp;20 Minutes<\/li>\n<li><a href=\"https:\/\/news.google.com\/rss\/articles\/CBMiuAFBVV95cUxOVGNWS2pSX2R6bGgtWGU4OFdMakdrbDdyR1JFNkViWlVaWkZYRzFHS3lja21TbHRJMDBoX0N4N01OXy1hRW5jQU9nZnZoWG1tWDNsaTZsRnpQWHg4MmRMTnl4TkVNZkliZ3I2SU5aNVR0OVJnQjRVazlOOEFHcTl4NEVtRXdsVE1rVXd6aTR4NnlNT0gtRThOUV9PM2FzTEVDV28zZHNFakFpalB1U2ZJWXRnM3F2XzRR?oc=5\" target=\"_blank\" rel=\"nofollow noopener\">10 septembre : une r\u00e9pression pire que les gilets jaunes ?<\/a>&nbsp;&nbsp;Le M\u00e9dia<\/li>\n<li><a href=\"https:\/\/news.google.com\/rss\/articles\/CBMi1gFBVV95cUxPdDdJM3BzRk1OSERqVmctdkZWaGRlVlNtdHFGWHdham1ieFZWTHVzYmRMUGs0TnlUbFBuWkd5V3BkLVI4SHhDTTR5NGdqOE1scEpaYTRjbThtTnI1UjNwQ2R3QU94dWxmUmVVU2RZek5EV2pWMkZVLU9BcjhtOGxhdUdhWjVrQlNOSkhYWHl6R0xOMHlyOW9OdklNeU1VZzgyUTFVRXgyZXVUV3ZqSWpQSHYxRzhSOXZNU3c1OW55TmdLMHlMekdQeG5lTzlMQThNWUhPRWVB?oc=5\" target=\"_blank\" rel=\"nofollow noopener\">\u201cViolences urbaines\u201d : les journalistes encore dans le viseur du minist\u00e8re de l\u2019Int\u00e9rieur<\/a>&nbsp;&nbsp;T\u00e9l\u00e9rama<\/li>\n<\/ol>\n","protected":false},"excerpt":{"rendered":"Violences urbaines : le minist\u00e8re de l\u2019int\u00e9rieur renonce \u00e0 une directive contest\u00e9e par les journalistes&nbsp;&nbsp;Le Monde.fr \u00abViolences urbaines\u00bb&hellip;\n","protected":false},"author":2,"featured_media":1445,"comment_status":"","ping_status":"","sticky":false,"template":"","format":"standard","meta":{"footnotes":""},"categories":[2],"tags":[11,1011,27,12,25],"class_list":{"0":"post-383309","1":"post","2":"type-post","3":"status-publish","4":"format-standard","5":"has-post-thumbnail","7":"category-actualites","8":"tag-actualites","9":"tag-fr","10":"tag-france","11":"tag-news","12":"tag-republique-francaise"},"share_on_mastodon":{"url":"https:\/\/pubeurope.com\/@fr\/115186835427188122","error":""},"_links":{"self":[{"href":"https:\/\/www.europesays.com\/fr\/wp-json\/wp\/v2\/posts\/383309","targetHints":{"allow":["GET"]}}],"collection":[{"href":"https:\/\/www.europesays.com\/fr\/wp-json\/wp\/v2\/posts"}],"about":[{"href":"https:\/\/www.europesays.com\/fr\/wp-json\/wp\/v2\/types\/post"}],"author":[{"embeddable":true,"href":"https:\/\/www.europesays.com\/fr\/wp-json\/wp\/v2\/users\/2"}],"replies":[{"embeddable":true,"href":"https:\/\/www.europesays.com\/fr\/wp-json\/wp\/v2\/comments?post=383309"}],"version-history":[{"count":0,"href":"https:\/\/www.europesays.com\/fr\/wp-json\/wp\/v2\/posts\/383309\/revisions"}],"wp:featuredmedia":[{"embeddable":true,"href":"https:\/\/www.europesays.com\/fr\/wp-json\/wp\/v2\/media\/1445"}],"wp:attachment":[{"href":"https:\/\/www.europesays.com\/fr\/wp-json\/wp\/v2\/media?parent=383309"}],"wp:term":[{"taxonomy":"category","embeddable":true,"href":"https:\/\/www.europesays.com\/fr\/wp-json\/wp\/v2\/categories?post=383309"},{"taxonomy":"post_tag","embeddable":true,"href":"https:\/\/www.europesays.com\/fr\/wp-json\/wp\/v2\/tags?post=383309"}],"curies":[{"name":"wp","href":"https:\/\/api.w.org\/{rel}","templated":true}]}}