{"id":383310,"date":"2025-09-11T17:26:12","date_gmt":"2025-09-11T17:26:12","guid":{"rendered":"https:\/\/www.europesays.com\/fr\/383310\/"},"modified":"2025-09-11T17:26:12","modified_gmt":"2025-09-11T17:26:12","slug":"coupe-du-monde-de-rugby-2025-pauline-bourdon-sansus-le-facteur-x-de-lequipe-de-france-contre-lirlande","status":"publish","type":"post","link":"https:\/\/www.europesays.com\/fr\/383310\/","title":{"rendered":"Coupe du monde de rugby 2025 : Pauline Bourdon-Sansus, le facteur X de l&rsquo;\u00e9quipe de France contre l&rsquo;Irlande"},"content":{"rendered":"<p>Contre l\u2019Irlande, dimanche 14 septembre au Sandy Park d\u2019Exeter (TF1, 14\u00a0heures), l\u2019\u00e9quipe de France compte plus que jamais sur sa demie de m\u00eal\u00e9e, Pauline Bourdon-Sansus, pour atteindre une nouvelle demi-finale de Coupe du monde.<\/p>\n<p>Son absence lors du <a href=\"https:\/\/www.humanite.fr\/sports\/coupe-du-monde-de-rugby\/coupe-du-monde-d-e-rugby-face-a-litalie-les-bleues-assurent-sans-rassurer\" target=\"_blank\" rel=\"noopener\">premier match face \u00e0 l\u2019Italie<\/a> s\u2019\u00e9tait largement fait ressentir. Les Bleues, sans leur meneuse de jeu, avaient \u00e9t\u00e9 brouillonnes, sans fil conducteur, mais s\u2019\u00e9taient finalement impos\u00e9es (24-0). <\/p>\n<p>Une suspension de deux matchs incomprise par la joueuse<\/p>\n<p>\u00ab\u00a0C\u2019\u00e9tait la premi\u00e8re fois que je regardais l\u2019\u00e9quipe non pas dans les tribunes mais depuis chez moi, sur mon canap\u00e9. C\u2019\u00e9tait bizarre, un peu dur \u00e0 vivre. J\u2019avais envie de les aider et je ne pouvais rien faire. J\u2019avais le c\u0153ur qui battait fort. C\u2019est une sensation&#8230;<\/p>\n","protected":false},"excerpt":{"rendered":"Contre l\u2019Irlande, dimanche 14 septembre au Sandy Park d\u2019Exeter (TF1, 14\u00a0heures), l\u2019\u00e9quipe de France compte plus que jamais&hellip;\n","protected":false},"author":2,"featured_media":383311,"comment_status":"","ping_status":"","sticky":false,"template":"","format":"standard","meta":{"footnotes":""},"categories":[4],"tags":[11,39070,1011,27,12,25,34674],"class_list":{"0":"post-383310","1":"post","2":"type-post","3":"status-publish","4":"format-standard","5":"has-post-thumbnail","7":"category-france","8":"tag-actualites","9":"tag-coupe-du-monde-de-rugby","10":"tag-fr","11":"tag-france","12":"tag-news","13":"tag-republique-francaise","14":"tag-u00e9quipe-de-france"},"share_on_mastodon":{"url":"https:\/\/pubeurope.com\/@fr\/115186839406687709","error":""},"_links":{"self":[{"href":"https:\/\/www.europesays.com\/fr\/wp-json\/wp\/v2\/posts\/383310","targetHints":{"allow":["GET"]}}],"collection":[{"href":"https:\/\/www.europesays.com\/fr\/wp-json\/wp\/v2\/posts"}],"about":[{"href":"https:\/\/www.europesays.com\/fr\/wp-json\/wp\/v2\/types\/post"}],"author":[{"embeddable":true,"href":"https:\/\/www.europesays.com\/fr\/wp-json\/wp\/v2\/users\/2"}],"replies":[{"embeddable":true,"href":"https:\/\/www.europesays.com\/fr\/wp-json\/wp\/v2\/comments?post=383310"}],"version-history":[{"count":0,"href":"https:\/\/www.europesays.com\/fr\/wp-json\/wp\/v2\/posts\/383310\/revisions"}],"wp:featuredmedia":[{"embeddable":true,"href":"https:\/\/www.europesays.com\/fr\/wp-json\/wp\/v2\/media\/383311"}],"wp:attachment":[{"href":"https:\/\/www.europesays.com\/fr\/wp-json\/wp\/v2\/media?parent=383310"}],"wp:term":[{"taxonomy":"category","embeddable":true,"href":"https:\/\/www.europesays.com\/fr\/wp-json\/wp\/v2\/categories?post=383310"},{"taxonomy":"post_tag","embeddable":true,"href":"https:\/\/www.europesays.com\/fr\/wp-json\/wp\/v2\/tags?post=383310"}],"curies":[{"name":"wp","href":"https:\/\/api.w.org\/{rel}","templated":true}]}}