{"id":383312,"date":"2025-09-11T17:27:10","date_gmt":"2025-09-11T17:27:10","guid":{"rendered":"https:\/\/www.europesays.com\/fr\/383312\/"},"modified":"2025-09-11T17:27:10","modified_gmt":"2025-09-11T17:27:10","slug":"certains-francais-ont-un-probleme-avec-la-richesse-saint-nom-la-breteche-bouc-emissaire-des-antigolfs","status":"publish","type":"post","link":"https:\/\/www.europesays.com\/fr\/383312\/","title":{"rendered":"\u00ab\u00a0Certains Fran\u00e7ais ont un probl\u00e8me avec la richesse\u00a0\u00bb\u00a0:\u00a0Saint-Nom-la-Bret\u00e8che, bouc \u00e9missaire des antigolfs"},"content":{"rendered":"<p>    Le golf a \u00e9t\u00e9 fond\u00e9 en 1959 par Daniel Feau.<br \/>\n                Golf de Saint Nom la Bret\u00e8che<\/p>\n<p><strong>ENQU\u00caTE &#8211;<\/strong> Ce club priv\u00e9 de l\u2019Ouest parisien, qui s\u2019appr\u00eate \u00e0 recevoir le FedEx Open de France, est r\u00e9guli\u00e8rement assimil\u00e9 aux clich\u00e9s inh\u00e9rents \u00e0 ce sport. Est-ce bien m\u00e9rit\u00e9\u00a0?<\/p>\n<p class=\"fig-paragraph\">La sc\u00e8ne a fait bondir les amoureux de la petite balle blanche \u2013 sans doute les sportifs les plus mal aim\u00e9s de l\u2019Hexagone. Elle se passe le 13\u00a0f\u00e9vrier 2024 sur le plateau de \u00ab\u00a0Touche pas \u00e0 mon poste\u00a0\u00bb, feu l\u2019\u00e9mission de Cyril Hanouna, sur C8.\u00a0<a href=\"http:\/\/www.lefigaro.fr\/sports\/autres-sports\/golf-pascal-grizot-reelu-president-de-la-federation-francaise-20241205\" data-fig-type=\"NewsFlash\" data-gtm-custom-categorie=\"navigation\" data-gtm-custom-action=\"crossclick\" data-gtm-custom-label=\"Contextuel\" data-gtm-event=\"customEventSPE\" data-fig-domain=\"LEFIGARO\" rel=\"nofollow noopener\" target=\"_blank\">Pascal Grizot<\/a>, le pr\u00e9sident de la F\u00e9d\u00e9ration fran\u00e7aise de golf, est invit\u00e9 \u00e0 r\u00e9pondre au tweet de Mathilde Panot de La France insoumise\u00a0: \u00ab\u00a0Les riches votent, les racistes et les golfeurs aussi et vous\u00a0?\u00a0\u00bb. Un tweet visant \u00e0 promouvoir la campagne des m\u00e9lenchonistes pour les \u00e9lections europ\u00e9ennes, qui fait scandale. Sur le plateau, l\u2019ambiance est \u00e9lectrique, le d\u00e9bat prend une tournure politique. Pour justifier que le golf est un sport r\u00e9serv\u00e9 aux riches, l\u2019un des chroniqueurs de l\u2019\u00e9mission cite en exemple le golf de Saint-Nom-la-Bret\u00e8che, dans les Yvelines. \u00ab\u00a0C\u2019est un \u00eelot de privil\u00e9gi\u00e9s\u00a0\u00bb, l\u00e2che Gilles Verdez.<\/p>\n<p class=\"fig-paragraph\">Quelque temps avant, c\u2019\u00e9tait Le Canard encha\u00een\u00e9 qui publiait un dessin humoristique sur le lancement de<a href=\"https:\/\/golf.lefigaro.fr\/flash-golf\/2013\/02\/12\/97004-20130212FILWWW00002-operation-tous-au-golf.php\" data-fig-type=\"NewsFlash\" data-gtm-custom-categorie=\"navigation\" data-gtm-custom-action=\"crossclick\" data-gtm-custom-label=\"Contextuel\" data-gtm-event=\"customEventSPE\" data-fig-domain=\"GOLF\" rel=\"nofollow noopener\" target=\"_blank\">\u00a0l\u2019op\u00e9ration\u2026<\/a><\/p>\n<p class=\"fig-premium-paywall__infos\">\n        Cet article est r\u00e9serv\u00e9 aux abonn\u00e9s.        Il vous reste 89% \u00e0 d\u00e9couvrir.\n    <\/p>\n<p>                <img  data- alt=\"Le Figaro\" class=\"fig-img--complete fig-img\"\/><\/p>\n<p class=\"fig-premium-paywall__title\">Vous avez envie de lire la suite ?<\/p>\n<p class=\"fig-premium-paywall__subtitle\">D\u00e9bloquez tous les articles imm\u00e9diatement.<\/p>\n<p class=\"fig-premium-paywall__connect\">\n                D\u00e9j\u00e0 abonn\u00e9\u00a0?                <a class=\"fig-premium-paywall__connect-link\" href=\"https:\/\/connect.lefigaro.fr\/login?client=golf_web&amp;type=main&amp;redirect_uri=https%3A%2F%2Fgolf.lefigaro.fr%2Fcertains-francais-ont-un-probleme-avec-la-richesse-saint-nom-la-breteche-bouc-emissaire-des-antigolfs-20250911\" data-js-gtm=\"{&quot;customCategorie&quot;: &quot;conversion&quot;, &quot;customAction&quot;: &quot;before_Landing_Connexion_paywall_auto&quot;, &quot;customLabel&quot;: &quot;Z29sZi5sZWZpZ2Fyby5mcl9fMWYwOGVlZWMtMWYyMi02NDgwLTk5ZmYtNDk0NDViMGNjZWM0X19BcnRpY2xl_\u00ab\u00a0Certains Fran\u00e7ais ont un probl\u00e8me avec la richesse\u00a0\u00bb\u00a0:\u00a0Saint-Nom-la-Bret\u00e8che, bouc \u00e9missaire des antigolfs_113&quot;, &quot;customIDSPE&quot;: &quot;Z29sZi5sZWZpZ2Fyby5mcl9fMWYwOGVlZWMtMWYyMi02NDgwLTk5ZmYtNDk0NDViMGNjZWM0X19BcnRpY2xl&quot;, &quot;event&quot;: &quot;customEventSPE&quot;}\" rel=\"nofollow noopener\" target=\"_blank\"><br \/>\n                    Connectez-vous<br \/>\n                <\/a>\n            <\/p>\n","protected":false},"excerpt":{"rendered":"Le golf a \u00e9t\u00e9 fond\u00e9 en 1959 par Daniel Feau. Golf de Saint Nom la Bret\u00e8che ENQU\u00caTE &#8211;&hellip;\n","protected":false},"author":2,"featured_media":383313,"comment_status":"","ping_status":"","sticky":false,"template":"","format":"standard","meta":{"footnotes":""},"categories":[1418],"tags":[1011,27,1472,60],"class_list":{"0":"post-383312","1":"post","2":"type-post","3":"status-publish","4":"format-standard","5":"has-post-thumbnail","7":"category-golf","8":"tag-fr","9":"tag-france","10":"tag-golf","11":"tag-sports"},"share_on_mastodon":{"url":"https:\/\/pubeurope.com\/@fr\/115186843195975259","error":""},"_links":{"self":[{"href":"https:\/\/www.europesays.com\/fr\/wp-json\/wp\/v2\/posts\/383312","targetHints":{"allow":["GET"]}}],"collection":[{"href":"https:\/\/www.europesays.com\/fr\/wp-json\/wp\/v2\/posts"}],"about":[{"href":"https:\/\/www.europesays.com\/fr\/wp-json\/wp\/v2\/types\/post"}],"author":[{"embeddable":true,"href":"https:\/\/www.europesays.com\/fr\/wp-json\/wp\/v2\/users\/2"}],"replies":[{"embeddable":true,"href":"https:\/\/www.europesays.com\/fr\/wp-json\/wp\/v2\/comments?post=383312"}],"version-history":[{"count":0,"href":"https:\/\/www.europesays.com\/fr\/wp-json\/wp\/v2\/posts\/383312\/revisions"}],"wp:featuredmedia":[{"embeddable":true,"href":"https:\/\/www.europesays.com\/fr\/wp-json\/wp\/v2\/media\/383313"}],"wp:attachment":[{"href":"https:\/\/www.europesays.com\/fr\/wp-json\/wp\/v2\/media?parent=383312"}],"wp:term":[{"taxonomy":"category","embeddable":true,"href":"https:\/\/www.europesays.com\/fr\/wp-json\/wp\/v2\/categories?post=383312"},{"taxonomy":"post_tag","embeddable":true,"href":"https:\/\/www.europesays.com\/fr\/wp-json\/wp\/v2\/tags?post=383312"}],"curies":[{"name":"wp","href":"https:\/\/api.w.org\/{rel}","templated":true}]}}