{"id":383314,"date":"2025-09-11T17:29:10","date_gmt":"2025-09-11T17:29:10","guid":{"rendered":"https:\/\/www.europesays.com\/fr\/383314\/"},"modified":"2025-09-11T17:29:10","modified_gmt":"2025-09-11T17:29:10","slug":"lanecdote-insolite-danthony-jelonch-sur-sa-piscine-un-matin-on-sest-reveille-et","status":"publish","type":"post","link":"https:\/\/www.europesays.com\/fr\/383314\/","title":{"rendered":"L\u2019anecdote insolite d\u2019Anthony Jelonch sur sa piscine : \u00ab Un matin, on s\u2019est r\u00e9veill\u00e9 et\u2026 \u00bb"},"content":{"rendered":"<p>Arriv\u00e9 au Stade Toulousain en 2021 apr\u00e8s un titre de champion de France avec Castres, <strong>Anthony Jelonch<\/strong> n\u2019a pas mis longtemps \u00e0 trouver ses marques sur le terrain.<\/p>\n<p>Mais en dehors, son adaptation a connu quelques \u00e9pisodes insolites, comme il l\u2019a racont\u00e9 avec humour au micro de la radio <a href=\"https:\/\/www.facebook.com\/reel\/749710724535560\" rel=\"nofollow noopener\" target=\"_blank\">Ici Occitanie<\/a>.<\/p>\n<p>Le troisi\u00e8me-ligne international, auteur d\u2019un essai d\u00e9cisif lors de la victoire \u00e0 Clermont (34-24), a confi\u00e9 une m\u00e9saventure li\u00e9e \u00e0 sa piscine.<\/p>\n<p>\u00ab J\u2019ai d\u00e9j\u00e0 eu des canards dans ma piscine. Au d\u00e9but, je ne savais pas trop me servir de la filtration, donc au bout d\u2019un moment, elle est devenue verte \u00bb, explique-t-il en riant.<\/p>\n<p><strong>La suite ressemble \u00e0 une carte postale inattendue :<\/strong><\/p>\n<p>\u00ab Un matin, on s\u2019est r\u00e9veill\u00e9\u2026 c\u2019\u00e9tait au printemps ou \u00e0 l\u2019automne, le ciel \u00e9tait magnifique, il y avait des fleurs partout\u2026 et des canards dans la piscine. J\u2019ai encore la photo \u00bb.<\/p>\n<p><strong>Depuis, le probl\u00e8me est r\u00e9gl\u00e9 :<\/strong><\/p>\n<p>\u00ab Maintenant, \u00e7a n\u2019arriverait plus. La piscine est belle et marche tr\u00e8s bien \u00bb, assure le troisi\u00e8me ligne Toulousain.<\/p>\n<p>De quoi ajouter une touche de l\u00e9g\u00e8ret\u00e9 dans une saison d\u00e9j\u00e0 bien lanc\u00e9e pour Jelonch, qui s\u2019affirme comme un cadre du Stade Toulousain et du XV de France.<\/p>\n<p>Pendant ce temps, Dupont poursuit sa r\u00e9\u00e9ducation et pourrait retrouver la comp\u00e9tition dans les prochaines semaines, apr\u00e8s sa grave blessure au genou contract\u00e9e en mars contre l\u2019Irlande.<\/p>\n","protected":false},"excerpt":{"rendered":"Arriv\u00e9 au Stade Toulousain en 2021 apr\u00e8s un titre de champion de France avec Castres, Anthony Jelonch n\u2019a&hellip;\n","protected":false},"author":2,"featured_media":383315,"comment_status":"","ping_status":"","sticky":false,"template":"","format":"standard","meta":{"footnotes":""},"categories":[1416],"tags":[1011,27,479,1468,60],"class_list":{"0":"post-383314","1":"post","2":"type-post","3":"status-publish","4":"format-standard","5":"has-post-thumbnail","7":"category-rugby","8":"tag-fr","9":"tag-france","10":"tag-rugby","11":"tag-rugby-football","12":"tag-sports"},"share_on_mastodon":{"url":"https:\/\/pubeurope.com\/@fr\/115186851253179334","error":""},"_links":{"self":[{"href":"https:\/\/www.europesays.com\/fr\/wp-json\/wp\/v2\/posts\/383314","targetHints":{"allow":["GET"]}}],"collection":[{"href":"https:\/\/www.europesays.com\/fr\/wp-json\/wp\/v2\/posts"}],"about":[{"href":"https:\/\/www.europesays.com\/fr\/wp-json\/wp\/v2\/types\/post"}],"author":[{"embeddable":true,"href":"https:\/\/www.europesays.com\/fr\/wp-json\/wp\/v2\/users\/2"}],"replies":[{"embeddable":true,"href":"https:\/\/www.europesays.com\/fr\/wp-json\/wp\/v2\/comments?post=383314"}],"version-history":[{"count":0,"href":"https:\/\/www.europesays.com\/fr\/wp-json\/wp\/v2\/posts\/383314\/revisions"}],"wp:featuredmedia":[{"embeddable":true,"href":"https:\/\/www.europesays.com\/fr\/wp-json\/wp\/v2\/media\/383315"}],"wp:attachment":[{"href":"https:\/\/www.europesays.com\/fr\/wp-json\/wp\/v2\/media?parent=383314"}],"wp:term":[{"taxonomy":"category","embeddable":true,"href":"https:\/\/www.europesays.com\/fr\/wp-json\/wp\/v2\/categories?post=383314"},{"taxonomy":"post_tag","embeddable":true,"href":"https:\/\/www.europesays.com\/fr\/wp-json\/wp\/v2\/tags?post=383314"}],"curies":[{"name":"wp","href":"https:\/\/api.w.org\/{rel}","templated":true}]}}