{"id":383316,"date":"2025-09-11T17:30:16","date_gmt":"2025-09-11T17:30:16","guid":{"rendered":"https:\/\/www.europesays.com\/fr\/383316\/"},"modified":"2025-09-11T17:30:16","modified_gmt":"2025-09-11T17:30:16","slug":"atp-le-programme-de-carlos-alcaraz-pour-la-fin-de-saison-devoile","status":"publish","type":"post","link":"https:\/\/www.europesays.com\/fr\/383316\/","title":{"rendered":"ATP > Le programme de Carlos Alcaraz pour la fin de saison d\u00e9voil\u00e9"},"content":{"rendered":"<p>Quelques jours apr\u00e8s son titre \u00e0 l\u2019US Open, Carlos Alcaraz a mis \u00e0 jour son calen\u00addrier pour la fin de saison 2025. Et force est de constater qu\u2019il est assez charg\u00e9.<\/p>\n<p>Alors qu\u2019<a href=\"https:\/\/www.welovetennis.fr\/atp\/carlos-alcaraz-ne-lachera-pas-roger-federer\" data-wpel-link=\"internal\" rel=\"nofollow noopener\" target=\"_blank\">il s\u2019en\u00advo\u00adlera bien pour San Francisco dans quelques jours pour parti\u00adciper \u00e0 la Laver Cup<\/a>, l\u2019Espagnol ne va pas ch\u00f4mer en encha\u00ee\u00adnant direc\u00adte\u00adment avec l\u2019ATP 500 de Tokyo et le Masters 1000 de Shanghai avant une autre exhi\u00adbi\u00adtion lucra\u00adtive en Arabie Saoudite et la derni\u00e8re ligne droite des tour\u00adnois int\u00e9\u00adrieurs euro\u00adp\u00e9ens (Masters 1000 de Paris et Masters de\u00a0Turin).\u00a0<\/p>\n<blockquote class=\"twitter-tweet\">\n<p lang=\"en\" dir=\"ltr\">Carlos\u2019 upco\u00adming sche\u00addule \ud83d\uddd3\ufe0f:<\/p>\n<p>\ud83c\uddfa\ud83c\uddf8Laver Cup (September 19\u201321)<br \/>\ud83c\uddef\ud83c\uddf5ATP 500 Tokyo (September 22\u201330)<br \/>\ud83c\udde8\ud83c\uddf3Shanghai Masters 1000 (October 1\u201312)<br \/>\ud83c\uddf8\ud83c\udde6Six Kings (October 15\u201318)<br \/>\ud83c\uddeb\ud83c\uddf7Paris\u2010Bercy Masters 1000 (October 27 \u2013 November 2)<br \/>\ud83c\uddee\ud83c\uddf9 Nitto ATP Finals (November 9\u201316)<br \/>\ud83c\uddfa\ud83c\uddf8 Exhibition NJ (Dec. 7) <a href=\"https:\/\/t.co\/AvpqnKy946\" data-wpel-link=\"external\" target=\"_blank\" rel=\"nofollow external noopener\">pic.twitter.com\/AvpqnKy946<\/a><\/p>\n<p>\u2014 Alcaraz Updates\ud83d\udc1d (@alcarazzupdates) <a href=\"https:\/\/twitter.com\/alcarazzupdates\/status\/1966117918141559013?ref_src=twsrc%5Etfw\" data-wpel-link=\"external\" target=\"_blank\" rel=\"nofollow external noopener\">September 11,\u00a02025<\/a><\/p><\/blockquote>\n<p>\u00c0 noter que le num\u00e9ro 1 mondial termi\u00adnera l\u2019ann\u00e9e 2025 avec une ultime exhi\u00adbi\u00adtion le 7 d\u00e9cembre dans le New\u2010Jersey, <a href=\"https:\/\/www.welovetennis.fr\/us-open\/alcaraz-et-raducanu-ne-se-quittent-plus-2\" data-wpel-link=\"internal\" rel=\"nofollow noopener\" target=\"_blank\">o\u00f9 il retrou\u00advera notam\u00adment Emma Raducanu<\/a>.  <\/p>\n<p class=\"post-published-date\" style=\"color: silver; font-size: 75%; text-align: left;\">Publi\u00e9 le jeudi 11 septembre 2025 \u00e0 16:46<\/p>\n<p><script async src=\"https:\/\/platform.twitter.com\/widgets.js\" charset=\"utf-8\"><\/script><\/p>\n","protected":false},"excerpt":{"rendered":"Quelques jours apr\u00e8s son titre \u00e0 l\u2019US Open, Carlos Alcaraz a mis \u00e0 jour son calen\u00addrier pour la&hellip;\n","protected":false},"author":2,"featured_media":383317,"comment_status":"","ping_status":"","sticky":false,"template":"","format":"standard","meta":{"footnotes":""},"categories":[1415],"tags":[1744,1011,27,60,1467],"class_list":{"0":"post-383316","1":"post","2":"type-post","3":"status-publish","4":"format-standard","5":"has-post-thumbnail","7":"category-tennis","8":"tag-alcaraz","9":"tag-fr","10":"tag-france","11":"tag-sports","12":"tag-tennis"},"share_on_mastodon":{"url":"https:\/\/pubeurope.com\/@fr\/115186854967243833","error":""},"_links":{"self":[{"href":"https:\/\/www.europesays.com\/fr\/wp-json\/wp\/v2\/posts\/383316","targetHints":{"allow":["GET"]}}],"collection":[{"href":"https:\/\/www.europesays.com\/fr\/wp-json\/wp\/v2\/posts"}],"about":[{"href":"https:\/\/www.europesays.com\/fr\/wp-json\/wp\/v2\/types\/post"}],"author":[{"embeddable":true,"href":"https:\/\/www.europesays.com\/fr\/wp-json\/wp\/v2\/users\/2"}],"replies":[{"embeddable":true,"href":"https:\/\/www.europesays.com\/fr\/wp-json\/wp\/v2\/comments?post=383316"}],"version-history":[{"count":0,"href":"https:\/\/www.europesays.com\/fr\/wp-json\/wp\/v2\/posts\/383316\/revisions"}],"wp:featuredmedia":[{"embeddable":true,"href":"https:\/\/www.europesays.com\/fr\/wp-json\/wp\/v2\/media\/383317"}],"wp:attachment":[{"href":"https:\/\/www.europesays.com\/fr\/wp-json\/wp\/v2\/media?parent=383316"}],"wp:term":[{"taxonomy":"category","embeddable":true,"href":"https:\/\/www.europesays.com\/fr\/wp-json\/wp\/v2\/categories?post=383316"},{"taxonomy":"post_tag","embeddable":true,"href":"https:\/\/www.europesays.com\/fr\/wp-json\/wp\/v2\/tags?post=383316"}],"curies":[{"name":"wp","href":"https:\/\/api.w.org\/{rel}","templated":true}]}}