{"id":383323,"date":"2025-09-11T17:35:10","date_gmt":"2025-09-11T17:35:10","guid":{"rendered":"https:\/\/www.europesays.com\/fr\/383323\/"},"modified":"2025-09-11T17:35:10","modified_gmt":"2025-09-11T17:35:10","slug":"bradley-barcola-la-revelation-inattendue","status":"publish","type":"post","link":"https:\/\/www.europesays.com\/fr\/383323\/","title":{"rendered":"Bradley Barcola, la r\u00e9v\u00e9lation inattendue"},"content":{"rendered":"<p><strong>Rest\u00e9 au PSG cet \u00e9t\u00e9 malgr\u00e9<br \/>\nplusieurs sollicitions, Bradley Barcola aurait pu animer la fin du<br \/>\nmercato estival.<\/strong><\/p>\n<p>Arriv\u00e9 au PSG en 2023, Bradley Barcola vient d\u2019entamer sa<br \/>\ntroisi\u00e8me saison sous les couleurs parisiennes. L\u2019ancien Lyonnais a<br \/>\nd\u00e9cid\u00e9 de rester dans la Ville lumi\u00e8re cet \u00e9t\u00e9, malgr\u00e9 des<br \/>\nsollicitations. Liverpool mais surtout le Bayern Munich ont fait<br \/>\npart de leur int\u00e9r\u00eat pour l\u2019ailier de 23 ans.<\/p>\n<p>Oui mais voil\u00e0, les d\u00e9cideurs franciliens ont ferm\u00e9 la porte \u00e0<br \/>\ndouble tour. Ils n\u2019ont voulu entendre parler d\u2019un d\u00e9part de leur<br \/>\ninternational tricolore, auteur de 21 buts et 21 passes d\u00e9cisives<br \/>\nen 63 matches disput\u00e9s la saison pass\u00e9e.<\/p>\n<blockquote class=\"twitter-tweet\"><p><a class=\"twitter-link\" rel=\"noindex, nofollow noopener\" href=\"https:\/\/twitter.com\/sports_fr\/status\/1965856685781606425\" target=\"_blank\"><\/p><\/blockquote>\n<p>Un cador anglais avait coch\u00e9 le nom de Barcola<\/p>\n<p>D\u2019apr\u00e8s les informations r\u00e9v\u00e9l\u00e9es par Foot Mercato,<br \/>\nManchester City avait aussi coch\u00e9 le nom du natif de Villeurbanne.<br \/>\nLes Citizens avait fait de Barcola l\u2019une de ses priorit\u00e9 si Savinho<br \/>\nvenait \u00e0 partir en fin de mercato. Mais le Br\u00e9silien est finalement<br \/>\nrest\u00e9 et la formation mancunienne ne s\u2019est finalement pas<br \/>\npositionner sur le Parisien.<\/p>\n<p>Aux derni\u00e8res nouvelles, Bradley Barcola se sentirait bien \u00e0<br \/>\nParis. <strong><a href=\"https:\/\/www.sports.fr\/football\/psg\/bradley-barcola-la-confirmation-tombe-949096.html\" rel=\"nofollow noopener\" target=\"_blank\"><br \/>\nIl serait d\u2019ailleurs en n\u00e9gociations pour prolonger son<br \/>\nbail<\/a><\/strong>, lequel court actuellement jusqu\u2019en juin<br \/>\n2028.<\/p>\n<p><script async src=\"https:\/\/platform.twitter.com\/widgets.js\" charset=\"utf-8\"><\/script><\/p>\n","protected":false},"excerpt":{"rendered":"Rest\u00e9 au PSG cet \u00e9t\u00e9 malgr\u00e9 plusieurs sollicitions, Bradley Barcola aurait pu animer la fin du mercato estival.&hellip;\n","protected":false},"author":2,"featured_media":383324,"comment_status":"","ping_status":"","sticky":false,"template":"","format":"standard","meta":{"footnotes":""},"categories":[1410],"tags":[63,1011,27,60],"class_list":{"0":"post-383323","1":"post","2":"type-post","3":"status-publish","4":"format-standard","5":"has-post-thumbnail","7":"category-football","8":"tag-football","9":"tag-fr","10":"tag-france","11":"tag-sports"},"share_on_mastodon":{"url":"https:\/\/pubeurope.com\/@fr\/115186874692792009","error":""},"_links":{"self":[{"href":"https:\/\/www.europesays.com\/fr\/wp-json\/wp\/v2\/posts\/383323","targetHints":{"allow":["GET"]}}],"collection":[{"href":"https:\/\/www.europesays.com\/fr\/wp-json\/wp\/v2\/posts"}],"about":[{"href":"https:\/\/www.europesays.com\/fr\/wp-json\/wp\/v2\/types\/post"}],"author":[{"embeddable":true,"href":"https:\/\/www.europesays.com\/fr\/wp-json\/wp\/v2\/users\/2"}],"replies":[{"embeddable":true,"href":"https:\/\/www.europesays.com\/fr\/wp-json\/wp\/v2\/comments?post=383323"}],"version-history":[{"count":0,"href":"https:\/\/www.europesays.com\/fr\/wp-json\/wp\/v2\/posts\/383323\/revisions"}],"wp:featuredmedia":[{"embeddable":true,"href":"https:\/\/www.europesays.com\/fr\/wp-json\/wp\/v2\/media\/383324"}],"wp:attachment":[{"href":"https:\/\/www.europesays.com\/fr\/wp-json\/wp\/v2\/media?parent=383323"}],"wp:term":[{"taxonomy":"category","embeddable":true,"href":"https:\/\/www.europesays.com\/fr\/wp-json\/wp\/v2\/categories?post=383323"},{"taxonomy":"post_tag","embeddable":true,"href":"https:\/\/www.europesays.com\/fr\/wp-json\/wp\/v2\/tags?post=383323"}],"curies":[{"name":"wp","href":"https:\/\/api.w.org\/{rel}","templated":true}]}}