{"id":383325,"date":"2025-09-11T17:36:11","date_gmt":"2025-09-11T17:36:11","guid":{"rendered":"https:\/\/www.europesays.com\/fr\/383325\/"},"modified":"2025-09-11T17:36:11","modified_gmt":"2025-09-11T17:36:11","slug":"tatiana-silva-maman-lanimatrice-revele-perdre-ses-cheveux","status":"publish","type":"post","link":"https:\/\/www.europesays.com\/fr\/383325\/","title":{"rendered":"Tatiana Silva maman : l\u2019animatrice r\u00e9v\u00e8le perdre ses cheveux"},"content":{"rendered":"<p>Les al\u00e9as de l\u2019accouchement\u2026 Ce mercredi 10 septembre 2025, la pr\u00e9sentatrice m\u00e9t\u00e9o, <a href=\"https:\/\/vsd.fr\/16175-portrait-tatiana-silva-la-nouvelle-miss-meteo-de-tf1\/\" rel=\"nofollow noopener\" target=\"_blank\">Tatiana Silva<\/a>, a pris la parole sur son compte Instagram pour alerter ses abonn\u00e9s sur un ph\u00e9nom\u00e8ne qui peut faire son apparition apr\u00e8s avoir donn\u00e9 la vie.\u00a0<\/p>\n<p>Maman depuis six mois, la pr\u00e9sentatrice m\u00e9t\u00e9o a \u00e9voqu\u00e9 <strong>un aspect de la vie de jeune maman<\/strong> comme la perte de cheveux post-partum. Un ph\u00e9nom\u00e8ne qui peut toucher toutes les femmes dont la jeune maman visiblement.<\/p>\n<p>Pour rappel, Tatiana Silva a <a href=\"https:\/\/www.public.fr\/tatiana-silva-a-accouche-sa-remplacante-a-la-meteo-connait-un-succes-fou\" rel=\"nofollow noopener\" target=\"_blank\">connu le bonheur le 26 janvier 2025,<\/a> en donnant la vie \u00e0 son fils June. Entre sa grossesse et son accouchement, celle-ci garde un excellent souvenir de son \u00ab\u00a0exp\u00e9rience\u00a0\u00bb comme elle le confiait \u00e0 ses abonn\u00e9s sur ses r\u00e9seaux sociaux. \u00a0<\/p>\n<p>\u00ab\u00a0U<strong>ne exp\u00e9rience extraordinaire et unique, mais aussi un passage\u00a0extr\u00eamement intense <\/strong>auquel\u00a0aucune d&rsquo;entre nous n&rsquo;est pr\u00e9par\u00e9e.\u00a0Le m\u00e9lange de cet inconnu, qui est de devenir maman, le m\u00e9lange de savoir quel type de b\u00e9b\u00e9 on va avoir, comment nous, on va r\u00e9agir en endossant ce r\u00f4le, fait que parfois,\u00a0on peut vraiment sombrer dans des moments difficiles, des moments de doutes, de peur, d&rsquo;angoisse, de stress\u00a0\u00bb, expliquait-elle \u00e0 sa communaut\u00e9.<\/p>\n<p>Six mois apr\u00e8s avoir endoss\u00e9 son nouveau r\u00f4le, Tatiana Silva <a href=\"https:\/\/www.public.fr\/tatiana-silva-retour-difficile-au-travail-apres-bebe-cette-femme-sans-qui-rien-naurait-ete-possible\" rel=\"nofollow noopener\" target=\"_blank\">a repris le chemin du travail<\/a> et continue de faire la pluie et le beau temps sur TF1. N\u00e9anmoins, depuis quelque temps, <strong>elle fait face \u00e0 un souci<\/strong> qu\u2019elle a souhait\u00e9 partager \u00e0 ses abonn\u00e9s.\u00a0<\/p>\n<p>Tatiana Silva, sans fard sur sa perte de cheveux depuis son accouchement<\/p>\n<p>Ce mercredi 10 septembre 2025, la pr\u00e9sentatrice m\u00e9t\u00e9o a pris la parole pour \u00e9voquer sa perte de cheveux post-partum. En l\u00e9gende d\u2019un clich\u00e9 dans lequel elle d\u00e9voile une poign\u00e9e de ses cheveux dans sa main, elle explique : <strong>\u00ab\u00a0Il y a quelque chose de si effrayant \u00e0 perdre ses cheveux\u00a0\u00bb.\u00a0<\/strong><\/p>\n<p>Avant de poursuivre : \u00ab\u00a0Je me souviens, petite, <strong>ma m\u00e8re \u00e9tait si pr\u00e9occup\u00e9e par les siens<\/strong>. Sa peur transmise s\u2019est activ\u00e9e pour la premi\u00e8re fois durant mon adolescence puis dans ma vingtaine, et aujourd\u2019hui en post-partum\u00a0\u00bb.<\/p>\n<p>Malgr\u00e9 la situation, Tatiana Silva ne broie pas du noir et reste tr\u00e8s positive. \u00ab\u00a0Heureusement, <strong>le temps change mon regard sur la vie<\/strong> et les exp\u00e9riences que je traverse. Tout est cycle dans la vie. L\u2019apog\u00e9e laisse place au d\u00e9clin. Ainsi le renouveau na\u00eet\u00a0\u00bb, explique-t-elle avec philosophie, estimant qu\u2019il s\u2019agit d\u2019une p\u00e9riode compliqu\u00e9e qui passera avec le temps.\u00a0<\/p>\n<p>      Mentionn\u00e9s dans cet article<\/p>\n<p>      Sur le m\u00eame sujet<\/p>\n","protected":false},"excerpt":{"rendered":"Les al\u00e9as de l\u2019accouchement\u2026 Ce mercredi 10 septembre 2025, la pr\u00e9sentatrice m\u00e9t\u00e9o, Tatiana Silva, a pris la parole&hellip;\n","protected":false},"author":2,"featured_media":383326,"comment_status":"","ping_status":"","sticky":false,"template":"","format":"standard","meta":{"footnotes":""},"categories":[1359],"tags":[22544,11288,58,59,1011,27,196,8527,973,31096],"class_list":{"0":"post-383325","1":"post","2":"type-post","3":"status-publish","4":"format-standard","5":"has-post-thumbnail","7":"category-people","8":"tag-accouchement","9":"tag-cheveux","10":"tag-divertissement","11":"tag-entertainment","12":"tag-fr","13":"tag-france","14":"tag-grossesse","15":"tag-meteorologie","16":"tag-people","17":"tag-tatiana-silva"},"share_on_mastodon":{"url":"https:\/\/pubeurope.com\/@fr\/115186878765380537","error":""},"_links":{"self":[{"href":"https:\/\/www.europesays.com\/fr\/wp-json\/wp\/v2\/posts\/383325","targetHints":{"allow":["GET"]}}],"collection":[{"href":"https:\/\/www.europesays.com\/fr\/wp-json\/wp\/v2\/posts"}],"about":[{"href":"https:\/\/www.europesays.com\/fr\/wp-json\/wp\/v2\/types\/post"}],"author":[{"embeddable":true,"href":"https:\/\/www.europesays.com\/fr\/wp-json\/wp\/v2\/users\/2"}],"replies":[{"embeddable":true,"href":"https:\/\/www.europesays.com\/fr\/wp-json\/wp\/v2\/comments?post=383325"}],"version-history":[{"count":0,"href":"https:\/\/www.europesays.com\/fr\/wp-json\/wp\/v2\/posts\/383325\/revisions"}],"wp:featuredmedia":[{"embeddable":true,"href":"https:\/\/www.europesays.com\/fr\/wp-json\/wp\/v2\/media\/383326"}],"wp:attachment":[{"href":"https:\/\/www.europesays.com\/fr\/wp-json\/wp\/v2\/media?parent=383325"}],"wp:term":[{"taxonomy":"category","embeddable":true,"href":"https:\/\/www.europesays.com\/fr\/wp-json\/wp\/v2\/categories?post=383325"},{"taxonomy":"post_tag","embeddable":true,"href":"https:\/\/www.europesays.com\/fr\/wp-json\/wp\/v2\/tags?post=383325"}],"curies":[{"name":"wp","href":"https:\/\/api.w.org\/{rel}","templated":true}]}}