{"id":383327,"date":"2025-09-11T17:37:19","date_gmt":"2025-09-11T17:37:19","guid":{"rendered":"https:\/\/www.europesays.com\/fr\/383327\/"},"modified":"2025-09-11T17:37:19","modified_gmt":"2025-09-11T17:37:19","slug":"freycenet-la-tour-55-propositions-au-concours-photos","status":"publish","type":"post","link":"https:\/\/www.europesays.com\/fr\/383327\/","title":{"rendered":"Freycenet-la-Tour : 55 propositions au concours photos"},"content":{"rendered":"<p>\t\t\t\t\t\t\t\t\t\t\t\t\t\t\t\t\t\t\t\t\t\t\t\t\t\t\t\t\t\t\t\t\t\t\t\t\t\t\t\t\t\t\t\t\t\t\t\t\t\t\t\t\t\t\t\t\t\t\t\t\t\t\t<a href=\"https:\/\/www.lacommere43.fr\/component\/banners\/click\/1813.html\" target=\"_blank\" title=\"Loisirs Camper septembre 2025\" rel=\"noopener\"><br \/>\n\t\t\t\t\t\t\t<img decoding=\"async\" loading=\"lazy\" src=\"https:\/\/www.europesays.com\/fr\/wp-content\/uploads\/2025\/09\/LACOMMERE_43-loisirs_camper.png\" alt=\"Loisirs Camper septembre 2025\"\/><br \/>\n\t\t\t\t\t\t<\/a><\/p>\n<p>\t\t\t\t\t\t\t\t\t\t\t\t\t\t\t\t\t\t\t\t\t\t\t\t\t\t\t\t\t\t\t\t\t\t\t\t\t\t\t\t\t\t\t\t\t\t\t\t\t\t\t\t\t\t\t\t\t\t\t\t\t\t\t<a href=\"https:\/\/www.lacommere43.fr\/component\/banners\/click\/1815.html\" target=\"_blank\" title=\"Haut Pays Velay journ\u00e9es patrimoine septembre 2025\" rel=\"noopener\"><br \/>\n\t\t\t\t\t\t\t<img decoding=\"async\" loading=\"lazy\" src=\"https:\/\/www.europesays.com\/fr\/wp-content\/uploads\/2025\/09\/Pub_la_Commre_-JEP.gif\" alt=\"Haut Pays Velay journ\u00e9es patrimoine septembre 2025\"\/><br \/>\n\t\t\t\t\t\t<\/a><\/p>\n<p><strong>Joli succ\u00e8s cette ann\u00e9e encore pour le concours photo de Freycenet-la-Tour. 55 propositions en tout, pass\u00e9es sous l\u2019\u0153il attentif d\u2019un jury compos\u00e9 de quatre personnes, choisies pour leur neutralit\u00e9 : aucun de ses membres n\u2019avait de personnes proches en concours, et les photos \u00e9taient anonymes.<\/strong><\/p>\n<p>Voici les r\u00e9sultats 2025<\/p>\n<p>\u00a0<\/p>\n<p><strong>Cat\u00e9gorie Insolite<\/strong><\/p>\n<p>Les candidats ont parfaitement respect\u00e9 la consigne et nous ont offert une galerie d\u2019images \u00e9tonnantes, spectaculaires et surprenantes, prises sur le vif ou compos\u00e9es.<\/p>\n<p>13 propositions<\/p>\n<p>1er prix : des nuages patriotes, Alain Gay<\/p>\n<p>2e prix : un c\u0153ur \u00e0 prendre en chemin, Sandrine Breysse<\/p>\n<p>3e prix : une ligne sur la route, R\u00e9mi Varbedian<\/p>\n<p>\u00a0<\/p>\n<p><strong>Cat\u00e9gorie Eau<\/strong><\/p>\n<p>Dans les images en comp\u00e9tition, po\u00e9tiques, graphiques, \u00e9tonnantes aussi, l\u2019eau \u00e9tait d\u00e9clin\u00e9e dans tous ses \u00e9tats, eau vive, brume, neige\u2026 <\/p>\n<p>15 propositions<\/p>\n<p>1er prix : bulles d\u2019eau iris\u00e9es, R\u00e9mi Varb\u00e9dian<\/p>\n<p>2e prix : et flop, l\u2019eau qui bondit lorsqu\u2019on la bouscule, Zo\u00e9 Varb\u00e9dian<\/p>\n<p>3e prix, ex aequo : graphisme neige et tuiles, Marie-Jo Danthony-Gu\u00e9rin, une eau trompeuse, R\u00e9mi Varb\u00e9dian<\/p>\n<p>\u00a0<\/p>\n<p><strong>Cat\u00e9gorie M\u00e9tier<\/strong><\/p>\n<p>Dans les champs, aux abords des ruches, doigts de f\u00e9e sur carreau \u00e0 dentelles, miam-miam chez notre m\u00e9daill\u00e9 du concours agricole ou encore nos vaches laiti\u00e8res de retour au bercail, les m\u00e9tiers et leurs protagonistes sont photog\u00e9niques. <\/p>\n<p>7 propositions<\/p>\n<p>1er prix : Emilien et ses ruches, Alain Gay<\/p>\n<p>2e prix : Carreau de dentelle et mains de f\u00e9e, Elise Nicolas<\/p>\n<p>3e prix : Une boutique \u00e0 manger, R\u00e9mi Varb\u00e9dian<\/p>\n<p>\u00a0<\/p>\n<p><strong>Cat\u00e9gorie Animaux<\/strong><\/p>\n<p>Ce sont les animaux les mieux repr\u00e9sent\u00e9s du concours avec 20 propositions, qui se sont distingu\u00e9es par leur originalit\u00e9. Entre une grenouille qui se balade sur un radeau, un chien qui nous fait les yeux doux tandis qu\u2019un autre patauge dans une fontaine, et un oeil de grenouille inquisiteur et un petit renardeau\u2026<\/p>\n<p>20 propositions<\/p>\n<p>1er prix : le radeau de la grenouille, Tha\u00efs Varb\u00e9dian <\/p>\n<p>2e prix : dans l\u2019\u0153il de la grenouille, Alain Gay<\/p>\n<p>3e prix : dans les yeux du toutou, Capucine Varb\u00e9dian<\/p>\n<p>L\u2019\u00e9v\u00e8nement s\u2019est termin\u00e9 par la remise des prix et des r\u00e9compenses.\u00a0<\/p>\n<p>Toutes les photos pr\u00e9sent\u00e9es pour le concours sont expos\u00e9es dans la salle sabl\u00e9e de l\u2019ENA jusqu\u2019au 27 septembre.<\/p>\n","protected":false},"excerpt":{"rendered":"Joli succ\u00e8s cette ann\u00e9e encore pour le concours photo de Freycenet-la-Tour. 55 propositions en tout, pass\u00e9es sous l\u2019\u0153il&hellip;\n","protected":false},"author":2,"featured_media":383328,"comment_status":"","ping_status":"","sticky":false,"template":"","format":"standard","meta":{"footnotes":""},"categories":[1358],"tags":[2281,1348,1384,1385,1386,58,59,2282,1011,27,2280,2284,2285,2283],"class_list":{"0":"post-383327","1":"post","2":"type-post","3":"status-publish","4":"format-standard","5":"has-post-thumbnail","7":"category-arts-et-design","8":"tag-actualite-43","9":"tag-arts","10":"tag-arts-and-design","11":"tag-arts-et-design","12":"tag-design","13":"tag-divertissement","14":"tag-entertainment","15":"tag-faits-divers-auvergne","16":"tag-fr","17":"tag-france","18":"tag-information-haute-loire","19":"tag-infos-43","20":"tag-journal-haute-loire","21":"tag-la-commere-43"},"share_on_mastodon":{"url":"https:\/\/pubeurope.com\/@fr\/115186882654279520","error":""},"_links":{"self":[{"href":"https:\/\/www.europesays.com\/fr\/wp-json\/wp\/v2\/posts\/383327","targetHints":{"allow":["GET"]}}],"collection":[{"href":"https:\/\/www.europesays.com\/fr\/wp-json\/wp\/v2\/posts"}],"about":[{"href":"https:\/\/www.europesays.com\/fr\/wp-json\/wp\/v2\/types\/post"}],"author":[{"embeddable":true,"href":"https:\/\/www.europesays.com\/fr\/wp-json\/wp\/v2\/users\/2"}],"replies":[{"embeddable":true,"href":"https:\/\/www.europesays.com\/fr\/wp-json\/wp\/v2\/comments?post=383327"}],"version-history":[{"count":0,"href":"https:\/\/www.europesays.com\/fr\/wp-json\/wp\/v2\/posts\/383327\/revisions"}],"wp:featuredmedia":[{"embeddable":true,"href":"https:\/\/www.europesays.com\/fr\/wp-json\/wp\/v2\/media\/383328"}],"wp:attachment":[{"href":"https:\/\/www.europesays.com\/fr\/wp-json\/wp\/v2\/media?parent=383327"}],"wp:term":[{"taxonomy":"category","embeddable":true,"href":"https:\/\/www.europesays.com\/fr\/wp-json\/wp\/v2\/categories?post=383327"},{"taxonomy":"post_tag","embeddable":true,"href":"https:\/\/www.europesays.com\/fr\/wp-json\/wp\/v2\/tags?post=383327"}],"curies":[{"name":"wp","href":"https:\/\/api.w.org\/{rel}","templated":true}]}}