{"id":38333,"date":"2025-04-20T07:34:09","date_gmt":"2025-04-20T07:34:09","guid":{"rendered":"https:\/\/www.europesays.com\/fr\/38333\/"},"modified":"2025-04-20T07:34:09","modified_gmt":"2025-04-20T07:34:09","slug":"la-france-battue-deux-fois-a-marseille-par-la-suisse-aura-beaucoup-appris","status":"publish","type":"post","link":"https:\/\/www.europesays.com\/fr\/38333\/","title":{"rendered":"la France, battue deux fois \u00e0 Marseille par la Suisse, aura beaucoup appris"},"content":{"rendered":"<p>FRANCE 2-5 SUISSE<\/p>\n<p><strong>Palais omnisports Marseille Grand-Est (4718 spectateurs).<\/strong>&#13;\n<\/p>\n<p><strong>Tiers-temps\u00a0: 1-1, 1-2, 0-2<\/strong>&#13;\n<\/p>\n<p><strong>Arbitres\u00a0: Florian Baudry et Cl\u00e9ment Gon\u00e7alves (FRA).<\/strong>&#13;\n<\/p>\n<p><strong>Buts &#8211; France\u00a0: Rech (15&rsquo;55, sup. num., ass. Gallet, Leclerc), Spinozzi (21&rsquo;14, ass. Llorca, Leclerc).<\/strong>&#13;\n<\/p>\n<p><strong>Suisse\u00a0: Berni (6&rsquo;54, ass. Taibel, Hofmann), Simic (22&rsquo;23, ass. Johnson), Ritzmann (31&rsquo;00, ass. Chanton), Ramel (49&rsquo;33, ass. Fazzini), Marchon (51&rsquo;32, ass. Rohrbach, Moy).<\/strong>&#13;\n<\/p>\n<p><strong>P\u00e9nalit\u00e9s &#8211; France\u00a0: Coulaud (20&rsquo;00), Leclerc (28&rsquo;35), F.\u00a0Dair (49&rsquo;58)<\/strong>&#13;\n<\/p>\n<p><strong>Suisse\u00a0: Fazzini (15&rsquo;21), Marchon (20&rsquo;00), Fazzini (41&rsquo;30)<\/strong>&#13;\n<\/p>\n<p>Pendant deux jours, Marseille a un peu plus d\u00e9couvert le niveau international du hockey sur glace, et le niveau international du hockey sur glace a un peu moins d\u00e9couvert la plus grande patinoire fixe de France, ou plut\u00f4t la plus grande \u00ab\u00a0patigeoire\u00a0\u00bb tant il est vrai que parfois, la glace du Pomge laisse \u00e0 d\u00e9sirer en prenant des allures de pataugeoire.<\/p>\n<p>Nonobstant la qualit\u00e9 de la pelouse pour patineurs, les spectateurs marseillais auront aussi d\u00e9couvert un gardien de but tricolore dont ils devraient peut-\u00eatre retenir le nom\u00a0: Julien Junca. L&rsquo;ancien Brian\u00e7onnais et Gapen\u00e7ais, actuel portier du Dukla Michalovce (Slovaquie), gardait la cage tricolore au lendemain de la performance XXL du Bordelais Quentin Papillon et il a lui aussi tenu son rang, m\u00eame s&rsquo;il a d\u00fb s&rsquo;avouer vaincu d\u00e8s la 7e minute.<\/p>\n<p>C&rsquo;est bien l\u00e0 le paradoxe de ce France &#8211; Suisse acte\u00a0II\u00a0: mieux entr\u00e9s dans la partie, les Bleus, qui avaient longtemps men\u00e9 au tableau d&rsquo;affichage dans l&rsquo;acte\u00a0I, ont cette fois conc\u00e9d\u00e9 l&rsquo;ouverture du score. Ils ont r\u00e9agi sur leur premi\u00e8re sup\u00e9riorit\u00e9 num\u00e9rique gr\u00e2ce \u00e0 Anthony Rech.<\/p>\n<p>Un score plus lourd mais une meilleure prestation<\/p>\n<p>Ils ont m\u00eame pris l&rsquo;avantage d\u00e8s le d\u00e9but du deuxi\u00e8me tiers mais les Suisses, plus rapides, plus pr\u00e9sents devant la cage, ont clos les d\u00e9bats en inscrivants les quatre derniers buts de la rencontre. Paradoxalement, \u00ab\u00a0le score est plus lourd que vendredi mais je pense que notre prestation est meilleure\u00a0\u00bb, a analys\u00e9 Matias Bachelet, \u00e9lu meilleur Fran\u00e7ais de la rencontre. \u00ab\u00a0C&rsquo;est un match totalement diff\u00e9rent de la veille. Autant le score est plus lourd, autant le contenu est bien meilleur, a rench\u00e9ri le coach assistant marseillais, Luc Tardif. On a vraiment jou\u00e9 au hockey, on s&rsquo;est cr\u00e9\u00e9 des occasions, on a cr\u00e9\u00e9 du rush. Vendredi, on avait marqu\u00e9 trois buts mais c&rsquo;\u00e9tait un peu miraculeux.\u00a0\u00bb<\/p>\n<p>Le s\u00e9lectionneur, Yorick Treille, s&rsquo;est lui aussi montr\u00e9 optimiste. \u00ab\u00a0Hier (vendredi), nos joueurs du championnat fran\u00e7ais n&rsquo;avaient pas encore connect\u00e9 leur cerveau sur le niveau international\u00a0\u00bb a-t-il admis, en rappelant que ces deux premiers matches de pr\u00e9paration faisaient partie \u00ab\u00a0d&rsquo;un processus global\u00a0\u00bb.<\/p>\n<p>Et puis, m\u00eame si les Suisses \u00e9taient priv\u00e9s de leurs meilleurs \u00e9l\u00e9ments (leur championnat n&rsquo;\u00e9tant pas encore fini), \u00ab\u00a0\u00e7a va bien plus vite qu&rsquo;en Ligue Magnus, a r\u00e9v\u00e9l\u00e9 le d\u00e9fenseur marseillais Yohan Coulaud. On n&rsquo;a pas le droit \u00e0 l&rsquo;erreur, il faut \u00eatre plus concentr\u00e9, \u00eatre plus \u00e0 l&rsquo;aff\u00fbt sur les changements de direction et devant la cage.\u00a0\u00bb<\/p>\n<p>Op\u00e9ration \u00ab\u00a0s\u00e9duction Marseille\u00a0\u00bb r\u00e9ussie<\/p>\n<p>L&rsquo;op\u00e9ration s\u00e9duction \u00e0 Marseille est donc globalement r\u00e9ussie, \u00e0 tel point qu&rsquo;il se murmure que les Bleus pourraient revenir plus souvent dans la cit\u00e9 phoc\u00e9enne \u00e0 l&rsquo;avenir. En attendant, un deuxi\u00e8me stage attend la s\u00e9lection\u00a0: une dizaine de joueurs seront \u00ab\u00a0coup\u00e9s\u00a0\u00bb au profit de dix plus exp\u00e9riment\u00e9s qui avaient \u00e9t\u00e9 laiss\u00e9s au repos cette semaine. Prochains rendez-vous le week-end prochain \u00e0 Cergy-Pontoise, avec deux rencontres contre la Norv\u00e8ge<\/p>\n","protected":false},"excerpt":{"rendered":"FRANCE 2-5 SUISSE Palais omnisports Marseille Grand-Est (4718 spectateurs).&#13; Tiers-temps\u00a0: 1-1, 1-2, 0-2&#13; Arbitres\u00a0: Florian Baudry et Cl\u00e9ment&hellip;\n","protected":false},"author":2,"featured_media":38334,"comment_status":"","ping_status":"","sticky":false,"template":"","format":"standard","meta":{"footnotes":""},"categories":[4],"tags":[17,11,12078,4070,3395,1011,27,10854,4488,12,25,60,3356],"class_list":{"0":"post-38333","1":"post","2":"type-post","3":"status-publish","4":"format-standard","5":"has-post-thumbnail","7":"category-france","8":"tag-17","9":"tag-actualites","10":"tag-battue","11":"tag-deux","12":"tag-fois","13":"tag-fr","14":"tag-france","15":"tag-glace","16":"tag-hockey","17":"tag-news","18":"tag-republique-francaise","19":"tag-sports","20":"tag-sur"},"share_on_mastodon":{"url":"https:\/\/pubeurope.com\/@fr\/114369138744954353","error":""},"_links":{"self":[{"href":"https:\/\/www.europesays.com\/fr\/wp-json\/wp\/v2\/posts\/38333","targetHints":{"allow":["GET"]}}],"collection":[{"href":"https:\/\/www.europesays.com\/fr\/wp-json\/wp\/v2\/posts"}],"about":[{"href":"https:\/\/www.europesays.com\/fr\/wp-json\/wp\/v2\/types\/post"}],"author":[{"embeddable":true,"href":"https:\/\/www.europesays.com\/fr\/wp-json\/wp\/v2\/users\/2"}],"replies":[{"embeddable":true,"href":"https:\/\/www.europesays.com\/fr\/wp-json\/wp\/v2\/comments?post=38333"}],"version-history":[{"count":0,"href":"https:\/\/www.europesays.com\/fr\/wp-json\/wp\/v2\/posts\/38333\/revisions"}],"wp:featuredmedia":[{"embeddable":true,"href":"https:\/\/www.europesays.com\/fr\/wp-json\/wp\/v2\/media\/38334"}],"wp:attachment":[{"href":"https:\/\/www.europesays.com\/fr\/wp-json\/wp\/v2\/media?parent=38333"}],"wp:term":[{"taxonomy":"category","embeddable":true,"href":"https:\/\/www.europesays.com\/fr\/wp-json\/wp\/v2\/categories?post=38333"},{"taxonomy":"post_tag","embeddable":true,"href":"https:\/\/www.europesays.com\/fr\/wp-json\/wp\/v2\/tags?post=38333"}],"curies":[{"name":"wp","href":"https:\/\/api.w.org\/{rel}","templated":true}]}}