{"id":383344,"date":"2025-09-11T17:46:15","date_gmt":"2025-09-11T17:46:15","guid":{"rendered":"https:\/\/www.europesays.com\/fr\/383344\/"},"modified":"2025-09-11T17:46:15","modified_gmt":"2025-09-11T17:46:15","slug":"loperateur-boursier-paneuropeen-euronext-integre-lindice-cac-40-teleperformance-ejecte","status":"publish","type":"post","link":"https:\/\/www.europesays.com\/fr\/383344\/","title":{"rendered":"L&rsquo;op\u00e9rateur boursier paneurop\u00e9en Euronext int\u00e8gre l&rsquo;indice CAC 40, Teleperformance \u00e9ject\u00e9"},"content":{"rendered":"<p>Cette d\u00e9cision a \u00e9t\u00e9 prise \u00e0 l\u2019issue de la r\u00e9vision trimestrielle de la composition de l\u2019indice, r\u00e9alis\u00e9e par un comit\u00e9 d\u2019experts ind\u00e9pendants.<\/p>\n<p class=\"fig-paragraph\">Du nouveau dans le CAC40. L&rsquo;op\u00e9rateur boursier paneurop\u00e9en Euronext va int\u00e9grer l&rsquo;indice vedette de la Bourse de Paris et le g\u00e9ant mondial des centres d&rsquo;appels Teleperformance se voit \u00e9ject\u00e9, \u00e0 l&rsquo;issue de la r\u00e9vision trimestrielle de la composition de l&rsquo;indice, r\u00e9alis\u00e9e par un comit\u00e9 d&rsquo;experts ind\u00e9pendants. Depuis le 1er janvier, le titre Euronext a bondi de 27,05% et sa capitalisation boursi\u00e8re atteint actuellement 13,87 milliards d&rsquo;euros. Sur la m\u00eame p\u00e9riode, Teleperformance a chut\u00e9 de 23,46% et sa valorisation boursi\u00e8re est d\u00e9sormais de 3,78 milliards d&rsquo;euros.<\/p>\n<p class=\"fig-paragraph\">\u00abNotre int\u00e9gration dans le CAC 40 t\u00e9moigne du parcours remarquable que nous avons accompli depuis notre introduction en Bourse en juin 2014\u00bb, a r\u00e9agi le PDG d\u2019Euronext, St\u00e9phane Boujnah. \u00abCette \u00e9tape importante (&#8230;) illustre la r\u00e9silience de notre mod\u00e8le \u00e9conomique, l\u2019\u00e9volution de la taille du groupe et le r\u00f4le central d\u2019Euronext dans l\u2019\u00e9cosyst\u00e8me financier et dans le fa\u00e7onnement des march\u00e9s de capitaux europ\u00e9ens\u00bb, a-t-il poursuivi.<\/p>\n<p class=\"fig-body-link\">\n            \u00c0 lire aussi<br \/>\n        <a class=\"fig-body-link__link\" href=\"http:\/\/www.lefigaro.fr\/flash-eco\/les-bourses-mondiales-progressent-apres-l-inflation-americaine-et-la-bce-20250911\" target=\"_blank\" data-fig-type=\"NewsFlash\" rel=\"noopener\" data-gtm-custom-categorie=\"navigation\" data-gtm-custom-action=\"crossclick\" data-gtm-custom-label=\"Contextuel\" data-gtm-event=\"customEventSPE\" data-fig-domain=\"LEFIGARO\">Les Bourses mondiales progressent apr\u00e8s l&rsquo;inflation am\u00e9ricaine et la BCE<br \/>\n    <\/a>\n<\/p>\n<p>                                    <a class=\"fig-a11y-skip a11y-hidden\" href=\"#fig-a11y-skip-main-inarticle\"><br \/>\n        Passer la publicit\u00e9<br \/>\n    <\/a><\/p>\n<p>Une diversification de source de revenus qui paie pour Euronext<\/p>\n<p class=\"fig-paragraph\">Euronext d\u00e9tient les Bourses de Paris, Amsterdam, Bruxelles, Dublin, Lisbonne, Milan, Oslo et la Bourse d\u2019Ath\u00e8nes, qu\u2019il a acquise d\u00e9but juillet. Ces derni\u00e8res ann\u00e9es, Euronext a diversifi\u00e9 ses sources de revenus, afin d\u2019\u00eatre moins d\u00e9pendant de l\u2019activit\u00e9 sur les march\u00e9s financiers. Au deuxi\u00e8me trimestre, plus de la moiti\u00e9 de ses revenus \u00e9taient ainsi non li\u00e9s aux volumes \u00e9chang\u00e9s, les autres recettes provenant par exemple de services de donn\u00e9es ou encore de r\u00e8glement-livraison d\u2019instruments financiers. Lors de ses derniers r\u00e9sultats, pour le deuxi\u00e8me trimestre 2025, l\u2019op\u00e9rateur boursier a publi\u00e9 un chiffre d\u2019affaires \u00abrecord\u00bb de 412,9 millions d\u2019euros (+12,2%) et un b\u00e9n\u00e9fice net de 141,7 millions d\u2019euros, en hausse de 18,2%. La mise \u00e0 jour de la composition de l\u2019indice sera effective \u00e0 compter du lundi 22 septembre.<\/p>\n<p class=\"fig-paragraph\">Pour int\u00e9grer le CAC 40, plusieurs crit\u00e8res sont pris en compte. Parmi eux, l\u2019entreprise doit avoir une capitalisation boursi\u00e8re importante, mais c\u2019est seulement la capitalisation flottante, c\u2019est-\u00e0-dire la part des actions r\u00e9ellement disponibles sur le march\u00e9 pour les investisseurs, qui est retenue. Le titre doit \u00e9galement \u00eatre suffisamment liquide, ce qui signifie qu\u2019il doit y avoir un volume d\u2019\u00e9changes r\u00e9gulier et important lors des s\u00e9ances boursi\u00e8res. Enfin, un conseil scientifique ind\u00e9pendant, dont les membres demeurent anonymes, d\u00e9cide de proc\u00e9der ou non \u00e0 la modification ou non de la composition de l\u2019indice tous les trois mois (mars, juin, septembre et d\u00e9cembre).<\/p>\n","protected":false},"excerpt":{"rendered":"Cette d\u00e9cision a \u00e9t\u00e9 prise \u00e0 l\u2019issue de la r\u00e9vision trimestrielle de la composition de l\u2019indice, r\u00e9alis\u00e9e par&hellip;\n","protected":false},"author":2,"featured_media":383345,"comment_status":"","ping_status":"","sticky":false,"template":"","format":"standard","meta":{"footnotes":""},"categories":[6],"tags":[35,343,33,34,51604,1011,27],"class_list":{"0":"post-383344","1":"post","2":"type-post","3":"status-publish","4":"format-standard","5":"has-post-thumbnail","7":"category-economie","8":"tag-business","9":"tag-cac-40","10":"tag-economie","11":"tag-economy","12":"tag-euronext","13":"tag-fr","14":"tag-france"},"share_on_mastodon":{"url":"https:\/\/pubeurope.com\/@fr\/115186918022382874","error":""},"_links":{"self":[{"href":"https:\/\/www.europesays.com\/fr\/wp-json\/wp\/v2\/posts\/383344","targetHints":{"allow":["GET"]}}],"collection":[{"href":"https:\/\/www.europesays.com\/fr\/wp-json\/wp\/v2\/posts"}],"about":[{"href":"https:\/\/www.europesays.com\/fr\/wp-json\/wp\/v2\/types\/post"}],"author":[{"embeddable":true,"href":"https:\/\/www.europesays.com\/fr\/wp-json\/wp\/v2\/users\/2"}],"replies":[{"embeddable":true,"href":"https:\/\/www.europesays.com\/fr\/wp-json\/wp\/v2\/comments?post=383344"}],"version-history":[{"count":0,"href":"https:\/\/www.europesays.com\/fr\/wp-json\/wp\/v2\/posts\/383344\/revisions"}],"wp:featuredmedia":[{"embeddable":true,"href":"https:\/\/www.europesays.com\/fr\/wp-json\/wp\/v2\/media\/383345"}],"wp:attachment":[{"href":"https:\/\/www.europesays.com\/fr\/wp-json\/wp\/v2\/media?parent=383344"}],"wp:term":[{"taxonomy":"category","embeddable":true,"href":"https:\/\/www.europesays.com\/fr\/wp-json\/wp\/v2\/categories?post=383344"},{"taxonomy":"post_tag","embeddable":true,"href":"https:\/\/www.europesays.com\/fr\/wp-json\/wp\/v2\/tags?post=383344"}],"curies":[{"name":"wp","href":"https:\/\/api.w.org\/{rel}","templated":true}]}}