{"id":383348,"date":"2025-09-11T17:48:15","date_gmt":"2025-09-11T17:48:15","guid":{"rendered":"https:\/\/www.europesays.com\/fr\/383348\/"},"modified":"2025-09-11T17:48:15","modified_gmt":"2025-09-11T17:48:15","slug":"10-septembre-a-rennes-lincendie-du-bus-a-ete-allume-par-lun-des-auteurs-du-blocage-de-la-rocade-selon-le-parquet","status":"publish","type":"post","link":"https:\/\/www.europesays.com\/fr\/383348\/","title":{"rendered":"10\u00a0septembre \u00e0 Rennes\u00a0: l\u2019incendie du bus \u00ab\u00a0a \u00e9t\u00e9 allum\u00e9 par l\u2019un des auteurs du blocage de la rocade\u00a0\u00bb, selon le parquet"},"content":{"rendered":"<p>Ce fut l\u2019une des images les plus marquantes de la mobilisation \u00ab Bloquons tout \u00bb \u00e0 Rennes, mercredi 10 septembre. Sur les coups de 8 h 30, alors que la rocade \u00e9tait bloqu\u00e9e depuis plus d\u2019une heure au niveau de la porte d\u2019Alma, un bus du r\u00e9seau Star s\u2019est embras\u00e9, d\u00e9gageant une \u00e9paisse fum\u00e9e noire.<\/p>\n<p>Depuis, certains militants affirment, dans les boucles de discussion sur les messageries crypt\u00e9es, que des galets de gaz lacrymog\u00e8ne auraient pu provoquer le d\u00e9part des flammes. Alors, que sait-on \u00e0 cette heure ? De sources concordantes proches du dossier, la sc\u00e8ne s\u2019est d\u00e9roul\u00e9e en deux temps. Les manifestants sont venus une premi\u00e8re fois pour demander au conducteur, qui sortait \u00e0 vide du d\u00e9p\u00f4t pour prendre son service, de quitter le bus. Avant de revenir quelques minutes plus tard, plus nombreux, ne lui laissant plus le choix. Le conducteur, choqu\u00e9, n\u2019a pas \u00e9t\u00e9 vis\u00e9 par des violences physiques et n\u2019\u00e9tait pas pr\u00e9sent dans le bus quand l\u2019incendie s\u2019est d\u00e9clar\u00e9.<\/p>\n<p>\u00ab Cet incendie est volontaire \u00bb<\/p>\n<p>\ufeffContact\u00e9, le procureur de la R\u00e9publique de Rennes, Fr\u00e9d\u00e9ric Teillet, indique ne pas pouvoir \u00ab communiquer \u00bb \u00e0 ce stade, mais confirme qu\u2019\u00ab une enqu\u00eate est en cours \u00bb. Et pr\u00e9cise : \u00ab Cet incendie est volontaire et a \u00e9t\u00e9 allum\u00e9 par l\u2019un des auteurs du blocage de la rocade \u00bb. Selon nos informations, les investigations ont \u00e9t\u00e9 confi\u00e9es au service interd\u00e9partemental de la police judiciaire. Les policiers disposent de \u00ab quelques \u00e9l\u00e9ments \u00bb qui devront \u00eatre \u00e9tay\u00e9s par des recherches sur la t\u00e9l\u00e9phonie mobile, les images de cam\u00e9ras de surveillance, des t\u00e9moignages et des films amateurs.<\/p>\n<p>Le bus a \u00e9t\u00e9 d\u00e9truit par cet incendie qui a \u00e9galement endommag\u00e9 le tablier du pont qui m\u00e8ne vers le centre Alma, sous lequel \u00e9tait bloqu\u00e9 le bus. Si la rocade a \u00e9t\u00e9 enti\u00e8rement rouverte dans la nuit de mercredi \u00e0 ce jeudi, <a href=\"https:\/\/www.letelegramme.fr\/ille-et-vilaine\/rennes-35000\/bus-incendie-sur-la-rocade-sud-de-rennes-laxe-reouvert-dans-la-nuit-la-porte-dalma-reste-fermee-6887048.php\" target=\"_blank\" rel=\"noopener\">la porte d\u2019Alma et notamment le pont restent en revanche ferm\u00e9s<\/a> jusqu\u2019\u00e0 nouvel ordre en direction du centre-ville. Ce qui a provoqu\u00e9 d\u2019importants bouchons dans la matin\u00e9e.<\/p>\n","protected":false},"excerpt":{"rendered":"Ce fut l\u2019une des images les plus marquantes de la mobilisation \u00ab Bloquons tout \u00bb \u00e0 Rennes, mercredi&hellip;\n","protected":false},"author":2,"featured_media":383349,"comment_status":"","ping_status":"","sticky":false,"template":"","format":"standard","meta":{"footnotes":""},"categories":[4],"tags":[11,829,765,3383,1011,27,303,50747,12,16048,50972,584,25],"class_list":{"0":"post-383348","1":"post","2":"type-post","3":"status-publish","4":"format-standard","5":"has-post-thumbnail","7":"category-france","8":"tag-actualites","9":"tag-bretagne","10":"tag-en-continu","11":"tag-faits-divers-a-rennes","12":"tag-fr","13":"tag-france","14":"tag-justice","15":"tag-mobilisation-du-10-septembre-2025","16":"tag-news","17":"tag-newsletter-aujourdhui-en-bretagne","18":"tag-newsletter-la-rennes-quotidienne","19":"tag-rennes","20":"tag-republique-francaise"},"share_on_mastodon":{"url":"https:\/\/pubeurope.com\/@fr\/115186925949658614","error":""},"_links":{"self":[{"href":"https:\/\/www.europesays.com\/fr\/wp-json\/wp\/v2\/posts\/383348","targetHints":{"allow":["GET"]}}],"collection":[{"href":"https:\/\/www.europesays.com\/fr\/wp-json\/wp\/v2\/posts"}],"about":[{"href":"https:\/\/www.europesays.com\/fr\/wp-json\/wp\/v2\/types\/post"}],"author":[{"embeddable":true,"href":"https:\/\/www.europesays.com\/fr\/wp-json\/wp\/v2\/users\/2"}],"replies":[{"embeddable":true,"href":"https:\/\/www.europesays.com\/fr\/wp-json\/wp\/v2\/comments?post=383348"}],"version-history":[{"count":0,"href":"https:\/\/www.europesays.com\/fr\/wp-json\/wp\/v2\/posts\/383348\/revisions"}],"wp:featuredmedia":[{"embeddable":true,"href":"https:\/\/www.europesays.com\/fr\/wp-json\/wp\/v2\/media\/383349"}],"wp:attachment":[{"href":"https:\/\/www.europesays.com\/fr\/wp-json\/wp\/v2\/media?parent=383348"}],"wp:term":[{"taxonomy":"category","embeddable":true,"href":"https:\/\/www.europesays.com\/fr\/wp-json\/wp\/v2\/categories?post=383348"},{"taxonomy":"post_tag","embeddable":true,"href":"https:\/\/www.europesays.com\/fr\/wp-json\/wp\/v2\/tags?post=383348"}],"curies":[{"name":"wp","href":"https:\/\/api.w.org\/{rel}","templated":true}]}}