{"id":383350,"date":"2025-09-11T17:49:13","date_gmt":"2025-09-11T17:49:13","guid":{"rendered":"https:\/\/www.europesays.com\/fr\/383350\/"},"modified":"2025-09-11T17:49:13","modified_gmt":"2025-09-11T17:49:13","slug":"lucienne-73-ans-portee-disparue-en-haute-savoie-son-ancien-ouvrier-avoue-avoir-tue-la-dame-aux-chapeaux","status":"publish","type":"post","link":"https:\/\/www.europesays.com\/fr\/383350\/","title":{"rendered":"Lucienne, 73\u00a0ans, port\u00e9e disparue en Haute-Savoie\u00a0: son ancien ouvrier avoue avoir tu\u00e9 \u00ab\u00a0la dame aux chapeaux\u00a0\u00bb"},"content":{"rendered":"<p class=\"paragraph text_align_left lp-f-body-02\">D\u00e8s sa disparition, un appel \u00e0 t\u00e9moins avait \u00e9t\u00e9 lanc\u00e9 par la gendarmerie de Haute-Savoie. Depuis juin, Lucienne Thabuis, une ancienne \u00e9lue municipale \u00e9tait port\u00e9e disparue \u00e0 Amancy, pr\u00e8s de la fronti\u00e8re suisse, <a href=\"https:\/\/www.leparisien.fr\/faits-divers\/haute-savoie-une-septuagenaire-disparue-retrouvee-morte-un-homme-mis-en-examen-11-09-2025-WKWS3ULKOBHBVLILKSABWBI4YU.php\" target=\"_blank\" rel=\"noreferrer nofollow noopener\">a \u00e9t\u00e9 retrouv\u00e9e morte apr\u00e8s les aveux d\u2019un jeune homme<\/a> qu\u2019elle avait employ\u00e9 pour des travaux chez elle. Le suspect a \u00e9t\u00e9 mis en examen pour meurtre et vol.<\/p>\n<p class=\"paragraph text_align_left lp-f-body-02\">Le 6 juin dernier, vers 18h30, cette ancienne \u00e9lue municipale quitte son domicile et ne donne plus de nouvelle. Celle que certains surnomment la \u00ab Dame aux chapeaux \u00bb, en raison de son look bigarr\u00e9,n\u2019avait pas d\u00e9rog\u00e9 \u00e0 ses habitudes vestimentaires pour sortir. La derni\u00e8re fois qu\u2019elle a \u00e9t\u00e9 vue, la septuag\u00e9naire portait un pull rose \u00e0 paillettes, un sac \u00e0 main dor\u00e9 et un chapeau rouge. Elle a \u00e9t\u00e9 retrouv\u00e9e morte dans une for\u00eat de Saint-Laurent \u00e0 quelques kilom\u00e8tres d\u2019Amancy o\u00f9 elle vivait.<\/p>\n<p><img decoding=\"async\" class=\"image \" loading=\"lazy\" src=\"https:\/\/www.europesays.com\/fr\/wp-content\/uploads\/2025\/09\/JOB2NJXNFZGO3IRZXFOK4PEFLU.jpg\" alt=\"Lucienne Thabuis \u00e9tait port\u00e9e disparue depuis juin dernier. Gendarmerie.\" align=\"\" data-rubrique-principale=\"\" data-article-type=\"\" fetchpriority=\"auto\"\/>Lucienne Thabuis \u00e9tait port\u00e9e disparue depuis juin dernier. Gendarmerie.<\/p>\n<p class=\"paragraph text_align_left lp-f-body-02\">\u00ab O\u00f9 que tu sois, ou quoi qu\u2019il ait pu se passer, cela fait 3 mois aujourd\u2019hui qu\u2019on ne cesse de penser \u00e0 toi Lucienne ! Des questions tournent en boucle dans nos t\u00eates, on esp\u00e8re toujours que tu ailles bien o\u00f9 que tu sois \u00bb, appelait encore vendredi dernier une proche de la disparue sur Facebook.<\/p>\n<p>\u00ab Le social chevill\u00e9 au corps \u00bb<\/p>\n<p class=\"paragraph text_align_left lp-f-body-02\">Selon la presse locale, Lucienne Thabuis \u00e9tait bien connue de la r\u00e9gion et notamment des habitants de La-Roche-sur-Foron o\u00f9 elle avait \u00e9t\u00e9 adjointe en charge de la petite enfance et des personnes \u00e2g\u00e9es, selon <a href=\"https:\/\/www.lemessager.fr\/649341330\/article\/2025-09-11\/qui-etait-lucienne-thabuis-ancienne-elue-dont-le-corps-ete-retrouve-saint\" target=\"_blank\" rel=\"noreferrer nofollow noopener\">Le Message<\/a>r. Celle dont on dit qu\u2019elle \u00ab avait le social chevill\u00e9 au corps \u00bb \u00e9tait depuis deux ans \u00e0 la t\u00eate d\u2019une association pour l\u2019insertion par le travail. <\/p>\n<p class=\"lp-card-podcast-highlighting__title  lp-f-subtitle-05\">[2\/6] Jubillar\u00a0: de la disparition au proc\u00e8s, une affaire sans corps ni aveux<\/p>\n<p class=\"lp-card-podcast-highlighting__description lp-f-ui-05\">Crime story raconte chaque semaine les grandes affaires criminelles.<\/p>\n<p><a class=\"lp-card-podcast-highlighting__call-to-action\" data-page-type=\"HP\" data-block-name=\"podcast-highlight\">\u00c9couter<\/a><\/p>\n<p class=\"paragraph text_align_left lp-f-body-02\">Elle avait \u00e9galement \u00e9t\u00e9 vice-pr\u00e9sidente du centre d\u2019action sociale de La-Roche-sur-Foron. En 2013 et 2014, Lucienne Thabuis apparaissait encore en <a href=\"https:\/\/www.ledauphine.com\/haute-savoie\/2013\/06\/22\/la-roche-une-collectivite-engagee-pour-les-jeunes-et-recompensee\" target=\"_blank\" rel=\"noreferrer nofollow noopener\">photo <\/a>dans la presse concernant ses activit\u00e9s municipales. Toujours coiff\u00e9e de l\u2019un des grands chapeaux qui la d\u00e9marquaient des autres.<\/p>\n<p class=\"paragraph text_align_left lp-f-body-02\">\u00ab C\u2019\u00e9tait quelqu\u2019un d\u2019engag\u00e9, de profond\u00e9ment gentil qui a fait un travail remarquable sur La Roche et dans toutes les associations o\u00f9 elle \u00e9tait investie. Elle avait un c\u0153ur en or Lucienne, elle manquait d\u00e9j\u00e0 \u00e0 tout le monde depuis sa disparition, elle va laisser un grand vide \u00bb, confie l\u2019ancien maire S\u00e9bastien Maure au Messager.<\/p>\n<p class=\"paragraph text_align_left lp-f-body-02\">A-t-elle rencontr\u00e9 son agresseur dans le cadre de ses activit\u00e9s dans le social ? C\u2019est en tout cas un jeune homme de 24 ans qui avait men\u00e9 des travaux chez la septuag\u00e9naire qui a \u00e9t\u00e9 plac\u00e9 en garde \u00e0 vue mardi par les gendarmes dans le cadre de l\u2019enqu\u00eate pour enl\u00e8vement et s\u00e9questration ouverte p\u00f4le criminel d\u2019Annecy.<\/p>\n<p>Le corps retrouv\u00e9 dans une for\u00eat<\/p>\n<p class=\"paragraph text_align_left lp-f-body-02\">Face aux enqu\u00eateurs, ce jeune suspect, inconnu des services de police et gendarmerie jusqu\u2019alors, reconna\u00eet avoir tu\u00e9 Lucienne Thabuis et \u00ab conduit les enqu\u00eateurs dans une for\u00eat o\u00f9 un corps a \u00e9t\u00e9 retrouv\u00e9 \u00bb, indique la procureure de la R\u00e9publique Lise Bonnet dans un communiqu\u00e9. L\u2019individu reconna\u00eet \u00e9galement avoir \u00ab d\u00e9rob\u00e9 de l\u2019argent \u00bb au domicile de la victime. <\/p>\n<p class=\"paragraph text_align_left lp-f-body-02\">Il a \u00e9t\u00e9 mis en examen ce jeudi pour \u00ab meurtre et vol dans un local d\u2019habitation \u00bb et plac\u00e9 en d\u00e9tention provisoire. Les gendarmes doivent d\u00e9sormais d\u00e9terminer les circonstances exactes du d\u00e9c\u00e8s de Lucienne Thabuis.<\/p>\n","protected":false},"excerpt":{"rendered":"D\u00e8s sa disparition, un appel \u00e0 t\u00e9moins avait \u00e9t\u00e9 lanc\u00e9 par la gendarmerie de Haute-Savoie. Depuis juin, Lucienne&hellip;\n","protected":false},"author":2,"featured_media":383351,"comment_status":"","ping_status":"","sticky":false,"template":"","format":"standard","meta":{"footnotes":""},"categories":[2],"tags":[11,459,118,1011,27,12],"class_list":{"0":"post-383350","1":"post","2":"type-post","3":"status-publish","4":"format-standard","5":"has-post-thumbnail","7":"category-actualites","8":"tag-actualites","9":"tag-departements-horsidfo","10":"tag-faits-divers","11":"tag-fr","12":"tag-france","13":"tag-news"},"share_on_mastodon":{"url":"https:\/\/pubeurope.com\/@fr\/115186929935212295","error":""},"_links":{"self":[{"href":"https:\/\/www.europesays.com\/fr\/wp-json\/wp\/v2\/posts\/383350","targetHints":{"allow":["GET"]}}],"collection":[{"href":"https:\/\/www.europesays.com\/fr\/wp-json\/wp\/v2\/posts"}],"about":[{"href":"https:\/\/www.europesays.com\/fr\/wp-json\/wp\/v2\/types\/post"}],"author":[{"embeddable":true,"href":"https:\/\/www.europesays.com\/fr\/wp-json\/wp\/v2\/users\/2"}],"replies":[{"embeddable":true,"href":"https:\/\/www.europesays.com\/fr\/wp-json\/wp\/v2\/comments?post=383350"}],"version-history":[{"count":0,"href":"https:\/\/www.europesays.com\/fr\/wp-json\/wp\/v2\/posts\/383350\/revisions"}],"wp:featuredmedia":[{"embeddable":true,"href":"https:\/\/www.europesays.com\/fr\/wp-json\/wp\/v2\/media\/383351"}],"wp:attachment":[{"href":"https:\/\/www.europesays.com\/fr\/wp-json\/wp\/v2\/media?parent=383350"}],"wp:term":[{"taxonomy":"category","embeddable":true,"href":"https:\/\/www.europesays.com\/fr\/wp-json\/wp\/v2\/categories?post=383350"},{"taxonomy":"post_tag","embeddable":true,"href":"https:\/\/www.europesays.com\/fr\/wp-json\/wp\/v2\/tags?post=383350"}],"curies":[{"name":"wp","href":"https:\/\/api.w.org\/{rel}","templated":true}]}}