{"id":383354,"date":"2025-09-11T17:53:20","date_gmt":"2025-09-11T17:53:20","guid":{"rendered":"https:\/\/www.europesays.com\/fr\/383354\/"},"modified":"2025-09-11T17:53:20","modified_gmt":"2025-09-11T17:53:20","slug":"salon-du-geek-6e-edition-de-vandoeuvre-in-game-au-parc-des-sports","status":"publish","type":"post","link":"https:\/\/www.europesays.com\/fr\/383354\/","title":{"rendered":"Salon du geek 6e\u00a0 \u00e9dition de Vand\u0153uvre in game au parc des Sports"},"content":{"rendered":"<p>La nouvelle \u00e9dition de Vand\u0153uvre in game propose des tournois e-sport, du retro gaming, un espace de r\u00e9alit\u00e9 virtuelle, du karting, des jeux musicaux, de soci\u00e9t\u00e9 ou de r\u00f4le, des ateliers de cr\u00e9ation, des spectacles, un concours de cosplays, et bien d\u2019autres. Il sera possible de rencontrer de prestigieux invit\u00e9s, issus du monde du cosplay professionnel, ou des com\u00e9diens sp\u00e9cialis\u00e9s dans le doublage, tels qu\u2019Alexis Victor (voix fran\u00e7aise de Bradley Cooper), le youtubeur Aypierre, ou la chanteuse Ma\u00ebva M\u00e9line, qui a particip\u00e9 aux productions Disney.<\/p>\n<p class=\"note\">Samedi\u00a013 et dimanche 14\u00a0septembre, de 10\u00a0h \u00e0 19\u00a0h, au parc des sports, 3, rue de Gembloux, \u00e0 Vand\u0153uvre. Entr\u00e9e\u00a0: 3\u00a0\u20ac et 1\u00a0\u20ac. Cosplays complets\u00a0: gratuit.<\/p>\n","protected":false},"excerpt":{"rendered":"La nouvelle \u00e9dition de Vand\u0153uvre in game propose des tournois e-sport, du retro gaming, un espace de r\u00e9alit\u00e9&hellip;\n","protected":false},"author":2,"featured_media":383355,"comment_status":"","ping_status":"","sticky":false,"template":"","format":"standard","meta":{"footnotes":""},"categories":[9635],"tags":[1111,11,1687,1704,1777,674,1685,1011,27,775,6364,1702,12,25,5711],"class_list":{"0":"post-383354","1":"post","2":"type-post","3":"status-publish","4":"format-standard","5":"has-post-thumbnail","7":"category-nancy","8":"tag-actu","9":"tag-actualites","10":"tag-culture-loisirs","11":"tag-edition-nancy-et-agglomeration","12":"tag-eu","13":"tag-europe","14":"tag-foire-et-salon","15":"tag-fr","16":"tag-france","17":"tag-grand-est","18":"tag-metropole-du-grand-nancy-54b1","19":"tag-nancy","20":"tag-news","21":"tag-republique-francaise","22":"tag-vandoeuvre-les-nancy"},"share_on_mastodon":{"url":"https:\/\/pubeurope.com\/@fr\/115186945849926128","error":""},"_links":{"self":[{"href":"https:\/\/www.europesays.com\/fr\/wp-json\/wp\/v2\/posts\/383354","targetHints":{"allow":["GET"]}}],"collection":[{"href":"https:\/\/www.europesays.com\/fr\/wp-json\/wp\/v2\/posts"}],"about":[{"href":"https:\/\/www.europesays.com\/fr\/wp-json\/wp\/v2\/types\/post"}],"author":[{"embeddable":true,"href":"https:\/\/www.europesays.com\/fr\/wp-json\/wp\/v2\/users\/2"}],"replies":[{"embeddable":true,"href":"https:\/\/www.europesays.com\/fr\/wp-json\/wp\/v2\/comments?post=383354"}],"version-history":[{"count":0,"href":"https:\/\/www.europesays.com\/fr\/wp-json\/wp\/v2\/posts\/383354\/revisions"}],"wp:featuredmedia":[{"embeddable":true,"href":"https:\/\/www.europesays.com\/fr\/wp-json\/wp\/v2\/media\/383355"}],"wp:attachment":[{"href":"https:\/\/www.europesays.com\/fr\/wp-json\/wp\/v2\/media?parent=383354"}],"wp:term":[{"taxonomy":"category","embeddable":true,"href":"https:\/\/www.europesays.com\/fr\/wp-json\/wp\/v2\/categories?post=383354"},{"taxonomy":"post_tag","embeddable":true,"href":"https:\/\/www.europesays.com\/fr\/wp-json\/wp\/v2\/tags?post=383354"}],"curies":[{"name":"wp","href":"https:\/\/api.w.org\/{rel}","templated":true}]}}