{"id":383356,"date":"2025-09-11T17:54:19","date_gmt":"2025-09-11T17:54:19","guid":{"rendered":"https:\/\/www.europesays.com\/fr\/383356\/"},"modified":"2025-09-11T17:54:19","modified_gmt":"2025-09-11T17:54:19","slug":"nancy-alain-mabanckou-prend-les-renes-de-la-redaction-de-lest-republicain-le-temps-dune-journee","status":"publish","type":"post","link":"https:\/\/www.europesays.com\/fr\/383356\/","title":{"rendered":"Nancy. Alain Mabanckou prend les r\u00eanes de la r\u00e9daction de L&rsquo;Est R\u00e9publicain le temps d&rsquo;une journ\u00e9e"},"content":{"rendered":"<p>Il ose <a href=\"https:\/\/www.estrepublicain.fr\/videos\/alain-mabanckou-redacteur-en-chef-d-un-jour-de-vos-quotidiens-30mz58z?playlist=qluvkq\" target=\"_blank\" rel=\"noopener\">Alain Mabanckou<\/a> \u00a0: \u00e9crire, d\u00e9fendre ses id\u00e9es, vivre \u00e0 cheval entre l\u2019Afrique, la France et la Californie, s\u2019habiller comme un dandy, penser comme un Congolais, vivre comme un parisien quelques mois par an. Auteur-monde, h\u00e9raut d\u2019une francophonie r\u00e9sistante et r\u00e9siliente, le romancier \u00e9tait l\u2019invit\u00e9 de L\u2019Est R\u00e9publicain, de Vosges Matin et du R\u00e9publicain Lorrain, ce jeudi \u00e0 Nancy. \u00ab\u00a0J\u2019aime cette ville o\u00f9 je viens souvent et o\u00f9 j\u2019ai pas mal d\u2019amis. Et puis <a href=\"https:\/\/www.estrepublicain.fr\/culture-loisirs\/le-livre-sur-la-place\" target=\"_blank\" rel=\"noopener\">le Livre sur la Place<\/a> , avec ses lecteurs curieux, exigeants, est toujours un lieu o\u00f9 je me sens bien, \u00e0 ma place, accueilli avec ferveur\u00a0\u00bb, explique le romancier qui fait partie de l\u2019\u00e9curie du Seuil, son \u00e9diteur depuis longtemps.<\/p>\n<p>  Un autre regard sur le monde<\/p>\n<p>Alain Mabanckou est venu prendre les r\u00eanes de notre r\u00e9daction durant quelques heures. Honn\u00eate homme au sens du 18 e , passionn\u00e9 par tous les pans de l\u2019actualit\u00e9 et de la culture, le dandy Mabanckou n\u2019est pas une coquille vide devant le miroir aux vanit\u00e9s\u00a0: \u00ab\u00a0Pour me faire une opinion je dois tout lire, savoir, accepter toutes les id\u00e9es. C\u2019est ensuite qu\u2019on se forge une opinion, quelque chose qui va m\u2019aider \u00e0 avoir ma propre vision du monde\u00a0\u00bb.<\/p>\n<p>Venu d\u2019un continent o\u00f9 depuis Lumumba et Sankara, l\u2019assassinat politique est \u00ab\u00a0rang\u00e9 dans les faits divers\u00a0\u00bb il sait ce que signifie vivre dans le chaudron am\u00e9ricain depuis pr\u00e8s de vingt ans. \u00ab\u00a0Dans un pays, o\u00f9 l\u2019on risque sa vie quand on d\u00e9fend ses id\u00e9es, o\u00f9 la violence publique comme la libert\u00e9 sont des r\u00e9alit\u00e9s quotidiennes paradoxales, on apprend \u00e0 vivre autrement\u00a0\u00bb confirme Alain Mabanckou, qui sera au Livre sur la Place vendredi soir, dans une table ronde consacr\u00e9e \u00e0 l\u2019exil, mais aussi dans le parking de la place Charles III, pr\u00eat \u00e0 relever le d\u00e9fi insolite et dr\u00f4le de la litt\u00e9rature en sous-sol.<\/p>\n<p>Issu d\u2019un milieu rural, comme bien des familles africaines, le romancier confesse un \u00ab\u00a0grand respect pour ses hommes et ses femmes qui donnent \u00e0 manger aux autres. L\u2019agriculture est une des richesses les plus fortes d\u2019une nation. Tout comme le village est un laboratoire des rapports humains, loin de la vie citadine, aseptis\u00e9e, sans saveurs\u00a0\u00bb.<\/p>\n<p>  M\u00e9lange des cultures<\/p>\n<p>Fan de basket &#8211; il supporte les Lakers de Los Angeles, persuad\u00e9 que la plus grande nation dans ce domaine c\u2019est \u00ab\u00a0la France, qui offre tant de jeunes champions aux \u00e9quipes am\u00e9ricaines\u00a0\u00bb, Alain Mabanckou porte la joie et l\u2019\u00e9veil au monde jusque sur ses v\u00eatements. \u00c0 l\u2019instar de son pull Van Gogh de cr\u00e9ateur cor\u00e9en, tricot\u00e9 main aux \u00c9tats-Unis et qu\u2019il a attendu six mois, il m\u00e9lange les cultures, brasse les id\u00e9es, p\u00e9tille d\u2019intelligence\u00a0: \u00ab\u00a0J\u2019aime les marginaux, les gens pas dans la norme, qui assument ou pas leur destin, qui sont en lisi\u00e8re du monde conventionnel, trop r\u00e9el\u00a0\u00bb.<\/p>\n<p>Son dernier roman, habit\u00e9 et fantasque, flirte avec ces concepts. Son h\u00e9ros, Rams\u00e8s, commer\u00e7ant \u00e9gyptien du 11 e \u00e0 Paris, est la plaque tournante d\u2019un trafic de cultures, d\u2019identit\u00e9, de traditions et de paix. En somme, un Mabanckou malicieux plant\u00e9 derri\u00e8re un comptoir d\u2019\u00e9picier.<\/p>\n","protected":false},"excerpt":{"rendered":"Il ose Alain Mabanckou \u00a0: \u00e9crire, d\u00e9fendre ses id\u00e9es, vivre \u00e0 cheval entre l\u2019Afrique, la France et la&hellip;\n","protected":false},"author":2,"featured_media":383357,"comment_status":"","ping_status":"","sticky":false,"template":"","format":"standard","meta":{"footnotes":""},"categories":[9635],"tags":[1111,11,1687,1704,1777,674,1011,27,775,937,1061,22382,2410,22383,1702,1703,12,316,11058,3456,25,104],"class_list":{"0":"post-383356","1":"post","2":"type-post","3":"status-publish","4":"format-standard","5":"has-post-thumbnail","7":"category-nancy","8":"tag-actu","9":"tag-actualites","10":"tag-culture-loisirs","11":"tag-edition-nancy-et-agglomeration","12":"tag-eu","13":"tag-europe","14":"tag-fr","15":"tag-france","16":"tag-grand-est","17":"tag-histoire","18":"tag-immigration","19":"tag-le-livre-sur-la-place","20":"tag-livres-bd","21":"tag-livres-dans-la-boucle","22":"tag-nancy","23":"tag-nancy-ville-54b","24":"tag-news","25":"tag-politique","26":"tag-region-franche-comte","27":"tag-region-lorraine","28":"tag-republique-francaise","29":"tag-societe"},"share_on_mastodon":{"url":"https:\/\/pubeurope.com\/@fr\/115186949443504263","error":""},"_links":{"self":[{"href":"https:\/\/www.europesays.com\/fr\/wp-json\/wp\/v2\/posts\/383356","targetHints":{"allow":["GET"]}}],"collection":[{"href":"https:\/\/www.europesays.com\/fr\/wp-json\/wp\/v2\/posts"}],"about":[{"href":"https:\/\/www.europesays.com\/fr\/wp-json\/wp\/v2\/types\/post"}],"author":[{"embeddable":true,"href":"https:\/\/www.europesays.com\/fr\/wp-json\/wp\/v2\/users\/2"}],"replies":[{"embeddable":true,"href":"https:\/\/www.europesays.com\/fr\/wp-json\/wp\/v2\/comments?post=383356"}],"version-history":[{"count":0,"href":"https:\/\/www.europesays.com\/fr\/wp-json\/wp\/v2\/posts\/383356\/revisions"}],"wp:featuredmedia":[{"embeddable":true,"href":"https:\/\/www.europesays.com\/fr\/wp-json\/wp\/v2\/media\/383357"}],"wp:attachment":[{"href":"https:\/\/www.europesays.com\/fr\/wp-json\/wp\/v2\/media?parent=383356"}],"wp:term":[{"taxonomy":"category","embeddable":true,"href":"https:\/\/www.europesays.com\/fr\/wp-json\/wp\/v2\/categories?post=383356"},{"taxonomy":"post_tag","embeddable":true,"href":"https:\/\/www.europesays.com\/fr\/wp-json\/wp\/v2\/tags?post=383356"}],"curies":[{"name":"wp","href":"https:\/\/api.w.org\/{rel}","templated":true}]}}