{"id":383367,"date":"2025-09-11T18:00:43","date_gmt":"2025-09-11T18:00:43","guid":{"rendered":"https:\/\/www.europesays.com\/fr\/383367\/"},"modified":"2025-09-11T18:00:43","modified_gmt":"2025-09-11T18:00:43","slug":"depuis-8-ans-emmanuel-macron-na-jamais-rien-ecoute-denonce-francois-boulo-ancien-porte-parole-des-gilets-jaunes-de-rouen","status":"publish","type":"post","link":"https:\/\/www.europesays.com\/fr\/383367\/","title":{"rendered":"\u00ab\u00a0Depuis 8 ans Emmanuel Macron n&rsquo;a jamais rien \u00e9cout\u00e9\u00a0\u00bb, d\u00e9nonce Fran\u00e7ois Boulo, ancien porte-parole des Gilets Jaunes de Rouen"},"content":{"rendered":"<p>Crise politique: \u00ab\u00a0Depuis 8 ans Emmanuel Macron n&rsquo;a jamais rien \u00e9cout\u00e9\u00a0\u00bb, d\u00e9nonce Fran\u00e7ois Boulo, ancien porte-parole des Gilets Jaunes de RouenSur le m\u00eame sujet<a href=\"https:\/\/www.bfmtv.com\/politique\/video-bloquons-tout-meurtre-de-charlie-kirk-ingerence-etrangere-l-interview-en-integralite-d-alain-bauer_VN-202509110843.html\" title=\"Bloquons tout, meurtre de Charlie Kirk, ing\u00e9rence \u00e9trang\u00e8re... L&#039;interview en int\u00e9gralit\u00e9 d&#039;Alain Bauer\" rel=\"nofollow noopener\" target=\"_blank\"><img width=\"16\" height=\"9\" class=\"lozad\"  alt=\"Bloquons tout, meurtre de Charlie Kirk, ing\u00e9rence \u00e9trang\u00e8re... L'interview en int\u00e9gralit\u00e9 d'Alain Bauer\"\/>28:24Bloquons tout, meurtre de Charlie Kirk, ing\u00e9rence \u00e9trang\u00e8re&#8230; L&rsquo;interview en int\u00e9gralit\u00e9 d&rsquo;Alain Bauer<\/a><a href=\"https:\/\/www.bfmtv.com\/lyon\/replay-emissions\/bonsoir-lyon\/video-apres-le-10-septembre-les-mobilisations-se-poursuivent-dans-le-rhone_VN-202509110836.html\" title=\"Apr\u00e8s le 10 septembre : les mobilisations se poursuivent dans le Rh\u00f4ne\" rel=\"nofollow noopener\" target=\"_blank\"><img width=\"16\" height=\"9\" class=\"lozad\"  alt=\"Apr\u00e8s le 10 septembre : les mobilisations se poursuivent dans le Rh\u00f4ne\"\/>1:44Apr\u00e8s le 10 septembre : les mobilisations se poursuivent dans le Rh\u00f4ne<\/a><a href=\"https:\/\/www.bfmtv.com\/politique\/video-bloquons-tout-la-journee-du-10-septembre-etait-une-repetition-generale-avant-celle-du-18-estime-alain-bauer-professeur-de-criminologie-au-cnam_VN-202509110822.html\" title=\"&quot;Bloquons tout&quot;: la journ\u00e9e du 10 septembre \u00e9tait &quot;une r\u00e9p\u00e9tition g\u00e9n\u00e9rale&quot; avant celle du 18, estime Alain Bauer, professeur de criminologie au CNAM\" rel=\"nofollow noopener\" target=\"_blank\"><img width=\"16\" height=\"9\" class=\"lozad\"  alt=\"&quot;Bloquons tout&quot;: la journ\u00e9e du 10 septembre \u00e9tait &quot;une r\u00e9p\u00e9tition g\u00e9n\u00e9rale&quot; avant celle du 18, estime Alain Bauer, professeur de criminologie au CNAM\"\/>3:01&Prime;Bloquons tout\u00a0\u00bb: la journ\u00e9e du 10 septembre \u00e9tait \u00ab\u00a0une r\u00e9p\u00e9tition g\u00e9n\u00e9rale\u00a0\u00bb avant celle du 18, estime Alain Bauer, professeur de criminologie au CNAM<\/a><a href=\"https:\/\/www.bfmtv.com\/politique\/video-bloquons-tout-les-casseurs-surfent-comme-d-habitude-sur-les-rassemblements-lance-alain-bauer-professeur-de-criminologie-au-cnam_VN-202509110798.html\" title=\"&quot;Bloquons tout&quot;: &quot;Les casseurs surfent comme d&#039;habitude sur les rassemblements&quot;, lance Alain Bauer, professeur de criminologie au CNAM\" rel=\"nofollow noopener\" target=\"_blank\"><img width=\"16\" height=\"9\" class=\"lozad\"  alt=\"&quot;Bloquons tout&quot;: &quot;Les casseurs surfent comme d'habitude sur les rassemblements&quot;, lance Alain Bauer, professeur de criminologie au CNAM\"\/>1:11&Prime;Bloquons tout\u00a0\u00bb: \u00ab\u00a0Les casseurs surfent comme d&rsquo;habitude sur les rassemblements\u00a0\u00bb, lance Alain Bauer, professeur de criminologie au CNAM<\/a><a href=\"https:\/\/www.bfmtv.com\/politique\/video-bloquons-tout-nous-n-appelons-pas-a-la-violence-nous-appelons-a-des-actions-intelligentes-de-perturbation-de-l-activite-economique-assure-alma-dufour-deputee-lfi-de-la-seine-maritime_VN-202509110793.html\" title=\"&quot;Bloquons tout&quot;: &quot;Nous n&#039;appelons pas \u00e0 la violence, nous appelons \u00e0 des actions intelligentes de perturbation de l&#039;activit\u00e9 \u00e9conomique&quot;, assure Alma Dufour, d\u00e9put\u00e9e LFI de la Seine-Maritime\" rel=\"nofollow noopener\" target=\"_blank\"><img width=\"16\" height=\"9\" class=\"lozad\"  alt=\"&quot;Bloquons tout&quot;: &quot;Nous n'appelons pas \u00e0 la violence, nous appelons \u00e0 des actions intelligentes de perturbation de l'activit\u00e9 \u00e9conomique&quot;, assure Alma Dufour, d\u00e9put\u00e9e LFI de la Seine-Maritime\"\/>3:05&Prime;Bloquons tout\u00a0\u00bb: \u00ab\u00a0Nous n&rsquo;appelons pas \u00e0 la violence, nous appelons \u00e0 des actions intelligentes de perturbation de l&rsquo;activit\u00e9 \u00e9conomique\u00a0\u00bb, assure Alma Dufour, d\u00e9put\u00e9e LFI de la Seine-Maritime<\/a><a href=\"https:\/\/www.bfmtv.com\/politique\/video-bloquons-tout-en-dehors-de-paris-19-policiers-ont-ete-blesses-sur-des-operations-de-deblocage-affirme-agathe-foucault-porte-parole-de-la-police-nationale_VN-202509110790.html\" title=\"&quot;Bloquons tout&quot;: en dehors de Paris &quot;19 policiers ont \u00e9t\u00e9 bless\u00e9s sur des op\u00e9rations de d\u00e9blocage&quot;, affirme Agathe Foucault, porte-parole de la Police nationale\" rel=\"nofollow noopener\" target=\"_blank\"><img width=\"16\" height=\"9\" class=\"lozad\"  alt=\"&quot;Bloquons tout&quot;: en dehors de Paris &quot;19 policiers ont \u00e9t\u00e9 bless\u00e9s sur des op\u00e9rations de d\u00e9blocage&quot;, affirme Agathe Foucault, porte-parole de la Police nationale\"\/>1:40&Prime;Bloquons tout\u00a0\u00bb: en dehors de Paris \u00ab\u00a019 policiers ont \u00e9t\u00e9 bless\u00e9s sur des op\u00e9rations de d\u00e9blocage\u00a0\u00bb, affirme Agathe Foucault, porte-parole de la Police nationale<\/a><a href=\"https:\/\/www.bfmtv.com\/replay-emissions\/bfm-story\/video-marschall-tr-marschall-truchot-la-violence-comme-reponse-a-lecornu-11-09_VN-202509110786.html\" title=\"Marschall Truchot : La violence comme r\u00e9ponse \u00e0 Lecornu ? - 11\/09\" rel=\"nofollow noopener\" target=\"_blank\"><img width=\"16\" height=\"9\" class=\"lozad\"  alt=\"Marschall Truchot : La violence comme r\u00e9ponse \u00e0 Lecornu ? - 11\/09\"\/>12:28Marschall Truchot : La violence comme r\u00e9ponse \u00e0 Lecornu ? &#8211; 11\/09<\/a><a href=\"https:\/\/www.bfmtv.com\/replay-emissions\/bfm-story\/video-marschall-truchot-bloquons-tout-ca-va-continuer-11-09_VN-202509110787.html\" title=\"Marschall Truchot : \u201cBloquons tout\u201d, \u00e7a va continuer ? - 11\/09\" rel=\"nofollow noopener\" target=\"_blank\"><img width=\"16\" height=\"9\" class=\"lozad\"  alt=\"Marschall Truchot : \u201cBloquons tout\u201d, \u00e7a va continuer ? - 11\/09\"\/>36:11Marschall Truchot : \u201cBloquons tout\u201d, \u00e7a va continuer ? &#8211; 11\/09<\/a><a href=\"https:\/\/www.bfmtv.com\/replay-emissions\/bfm-story\/video-marschall-truchot-tik-tok-bientot-interdit-aux-moins-de-15-ans-11-09_VN-202509110779.html\" title=\"Marschall Truchot : TikTok bient\u00f4t interdit aux moins de 15 ans ? - 11\/09\" rel=\"nofollow noopener\" target=\"_blank\"><img width=\"16\" height=\"9\" class=\"lozad\"  alt=\"Marschall Truchot : TikTok bient\u00f4t interdit aux moins de 15 ans ? - 11\/09\"\/>17:08Marschall Truchot : TikTok bient\u00f4t interdit aux moins de 15 ans ? &#8211; 11\/09<\/a><a href=\"https:\/\/www.bfmtv.com\/politique\/video-bloquons-tout-je-pense-que-le-18-il-y-aura-beaucoup-plus-de-monde-estime-benoit-payan-maire-divers-gauche-de-marseille_VN-202509110770.html\" title=\"&quot;Bloquons tout&quot;: &quot;Je pense que le 18, il y aura beaucoup plus de monde&quot;, estime Beno\u00eet Payan, maire divers gauche de Marseille\" rel=\"nofollow noopener\" target=\"_blank\"><img width=\"16\" height=\"9\" class=\"lozad\"  alt=\"&quot;Bloquons tout&quot;: &quot;Je pense que le 18, il y aura beaucoup plus de monde&quot;, estime Beno\u00eet Payan, maire divers gauche de Marseille\"\/>2:22&Prime;Bloquons tout\u00a0\u00bb: \u00ab\u00a0Je pense que le 18, il y aura beaucoup plus de monde\u00a0\u00bb, estime Beno\u00eet Payan, maire divers gauche de Marseille<\/a><a href=\"https:\/\/www.bfmtv.com\/replay-emissions\/bfm-story\/video-marschall-truchot-bloquons-tout-une-mobilisation-dans-la-duree-11-09_VN-202509110767.html\" title=\"Marschall Truchot : &quot;Bloquons tout&quot;, une mobilisation dans la dur\u00e9e ? - 11\/09\" rel=\"nofollow noopener\" target=\"_blank\"><img width=\"16\" height=\"9\" class=\"lozad\"  alt=\"Marschall Truchot : &quot;Bloquons tout&quot;, une mobilisation dans la dur\u00e9e ? - 11\/09\"\/>22:19Marschall Truchot : \u00ab\u00a0Bloquons tout\u00a0\u00bb, une mobilisation dans la dur\u00e9e ? &#8211; 11\/09<\/a><a href=\"https:\/\/www.bfmtv.com\/politique\/video-bloquons-tout-la-reaction-des-francais-suite-aux-mobilisations-du-10-septembre-a-travers-le-pays_VN-202509110758.html\" title=\"&quot;Bloquons tout&quot;: la r\u00e9action des Fran\u00e7ais suite aux mobilisations du 10 septembre \u00e0 travers le pays\" rel=\"nofollow noopener\" target=\"_blank\"><img width=\"16\" height=\"9\" class=\"lozad\"  alt=\"&quot;Bloquons tout&quot;: la r\u00e9action des Fran\u00e7ais suite aux mobilisations du 10 septembre \u00e0 travers le pays\"\/>0:47&Prime;Bloquons tout\u00a0\u00bb: la r\u00e9action des Fran\u00e7ais suite aux mobilisations du 10 septembre \u00e0 travers le pays<\/a><a href=\"https:\/\/www.bfmtv.com\/societe\/video-derives-de-tik-tok-le-temoignage-d-arnaud-ducoin-pere-de-penelope-qui-s-est-suicidee-le-28-fevrier-2024_VN-202509110755.html\" title=\"D\u00e9rives de TikTok: le t\u00e9moignage d&#039;Arnaud Ducoin, p\u00e8re de P\u00e9n\u00e9lope, qui s&#039;est suicid\u00e9e le 28 f\u00e9vrier 2024\" rel=\"nofollow noopener\" target=\"_blank\"><img width=\"16\" height=\"9\" class=\"lozad\"  alt=\"D\u00e9rives de TikTok: le t\u00e9moignage d'Arnaud Ducoin, p\u00e8re de P\u00e9n\u00e9lope, qui s'est suicid\u00e9e le 28 f\u00e9vrier 2024\"\/>17:01D\u00e9rives de TikTok: le t\u00e9moignage d&rsquo;Arnaud Ducoin, p\u00e8re de P\u00e9n\u00e9lope, qui s&rsquo;est suicid\u00e9e le 28 f\u00e9vrier 2024<\/a><a href=\"https:\/\/www.bfmtv.com\/societe\/video-fermeture-de-tik-tok-aujourd-hui-le-droit-europeen-le-permet-affirme-arthur-delaporte-president-de-la-commission-d-enquete-sur-tik-tok_VN-202509110736.html\" title=\"Fermeture de TikTok: &quot;Aujourd&#039;hui, le droit europ\u00e9en le permet &quot;, affirme Arthur Delaporte, pr\u00e9sident de la commission d&#039;enqu\u00eate sur TikTok\" rel=\"nofollow noopener\" target=\"_blank\"><img width=\"16\" height=\"9\" class=\"lozad\"  alt=\"Fermeture de TikTok: &quot;Aujourd'hui, le droit europ\u00e9en le permet &quot;, affirme Arthur Delaporte, pr\u00e9sident de la commission d'enqu\u00eate sur TikTok\"\/>2:33Fermeture de TikTok: \u00ab\u00a0Aujourd&rsquo;hui, le droit europ\u00e9en le permet \u00ab\u00a0, affirme Arthur Delaporte, pr\u00e9sident de la commission d&rsquo;enqu\u00eate sur TikTok<\/a><a class=\"jumpToVideo\" target=\"_blank\"><img class=\"thumbnailPreview\"\/><\/a><\/p>\n","protected":false},"excerpt":{"rendered":"Crise politique: \u00ab\u00a0Depuis 8 ans Emmanuel Macron n&rsquo;a jamais rien \u00e9cout\u00e9\u00a0\u00bb, d\u00e9nonce Fran\u00e7ois Boulo, ancien porte-parole des Gilets&hellip;\n","protected":false},"author":2,"featured_media":383368,"comment_status":"","ping_status":"","sticky":false,"template":"","format":"standard","meta":{"footnotes":""},"categories":[9587],"tags":[1111,11,1777,674,1011,27,12,5161,25,9590],"class_list":{"0":"post-383367","1":"post","2":"type-post","3":"status-publish","4":"format-standard","5":"has-post-thumbnail","7":"category-rouen","8":"tag-actu","9":"tag-actualites","10":"tag-eu","11":"tag-europe","12":"tag-fr","13":"tag-france","14":"tag-news","15":"tag-normandie","16":"tag-republique-francaise","17":"tag-rouen"},"share_on_mastodon":{"url":"https:\/\/pubeurope.com\/@fr\/115186972963732138","error":""},"_links":{"self":[{"href":"https:\/\/www.europesays.com\/fr\/wp-json\/wp\/v2\/posts\/383367","targetHints":{"allow":["GET"]}}],"collection":[{"href":"https:\/\/www.europesays.com\/fr\/wp-json\/wp\/v2\/posts"}],"about":[{"href":"https:\/\/www.europesays.com\/fr\/wp-json\/wp\/v2\/types\/post"}],"author":[{"embeddable":true,"href":"https:\/\/www.europesays.com\/fr\/wp-json\/wp\/v2\/users\/2"}],"replies":[{"embeddable":true,"href":"https:\/\/www.europesays.com\/fr\/wp-json\/wp\/v2\/comments?post=383367"}],"version-history":[{"count":0,"href":"https:\/\/www.europesays.com\/fr\/wp-json\/wp\/v2\/posts\/383367\/revisions"}],"wp:featuredmedia":[{"embeddable":true,"href":"https:\/\/www.europesays.com\/fr\/wp-json\/wp\/v2\/media\/383368"}],"wp:attachment":[{"href":"https:\/\/www.europesays.com\/fr\/wp-json\/wp\/v2\/media?parent=383367"}],"wp:term":[{"taxonomy":"category","embeddable":true,"href":"https:\/\/www.europesays.com\/fr\/wp-json\/wp\/v2\/categories?post=383367"},{"taxonomy":"post_tag","embeddable":true,"href":"https:\/\/www.europesays.com\/fr\/wp-json\/wp\/v2\/tags?post=383367"}],"curies":[{"name":"wp","href":"https:\/\/api.w.org\/{rel}","templated":true}]}}