{"id":383369,"date":"2025-09-11T18:02:51","date_gmt":"2025-09-11T18:02:51","guid":{"rendered":"https:\/\/www.europesays.com\/fr\/383369\/"},"modified":"2025-09-11T18:02:51","modified_gmt":"2025-09-11T18:02:51","slug":"un-concours-malin-echosciences","status":"publish","type":"post","link":"https:\/\/www.europesays.com\/fr\/383369\/","title":{"rendered":"Un concours malin&#8230; | ECHOSCIENCES"},"content":{"rendered":"<p>A l&rsquo;occasion de la F\u00eate de la science, la Librairie Les Modernes organisera un concours pour gagner des albums malins, piquants, curieux, qui font r\u00e9fl\u00e9chir&#8230;<\/p>\n<p>On pr\u00e9parera \u00e0 cette occasion une belle s\u00e9lection de livres (albums, documentaires, romans, BDs&#8230;) pour c\u00e9l\u00e9brer les intelligences multiples, \u00e9tonnantes, du vivant et d&rsquo;ailleurs !<\/p>\n<p>Plus d&rsquo;infos bient\u00f4t ! (Le tirage au sort aura lieu le 14 octobre)<\/p>\n","protected":false},"excerpt":{"rendered":"A l&rsquo;occasion de la F\u00eate de la science, la Librairie Les Modernes organisera un concours pour gagner des&hellip;\n","protected":false},"author":2,"featured_media":383370,"comment_status":"","ping_status":"","sticky":false,"template":"","format":"standard","meta":{"footnotes":""},"categories":[9566],"tags":[1111,11,2430,1777,674,1011,27,2731,12,25],"class_list":{"0":"post-383369","1":"post","2":"type-post","3":"status-publish","4":"format-standard","5":"has-post-thumbnail","7":"category-grenoble","8":"tag-actu","9":"tag-actualites","10":"tag-auvergne-rhone-alpes","11":"tag-eu","12":"tag-europe","13":"tag-fr","14":"tag-france","15":"tag-grenoble","16":"tag-news","17":"tag-republique-francaise"},"share_on_mastodon":{"url":"https:\/\/pubeurope.com\/@fr\/115186984696911228","error":""},"_links":{"self":[{"href":"https:\/\/www.europesays.com\/fr\/wp-json\/wp\/v2\/posts\/383369","targetHints":{"allow":["GET"]}}],"collection":[{"href":"https:\/\/www.europesays.com\/fr\/wp-json\/wp\/v2\/posts"}],"about":[{"href":"https:\/\/www.europesays.com\/fr\/wp-json\/wp\/v2\/types\/post"}],"author":[{"embeddable":true,"href":"https:\/\/www.europesays.com\/fr\/wp-json\/wp\/v2\/users\/2"}],"replies":[{"embeddable":true,"href":"https:\/\/www.europesays.com\/fr\/wp-json\/wp\/v2\/comments?post=383369"}],"version-history":[{"count":0,"href":"https:\/\/www.europesays.com\/fr\/wp-json\/wp\/v2\/posts\/383369\/revisions"}],"wp:featuredmedia":[{"embeddable":true,"href":"https:\/\/www.europesays.com\/fr\/wp-json\/wp\/v2\/media\/383370"}],"wp:attachment":[{"href":"https:\/\/www.europesays.com\/fr\/wp-json\/wp\/v2\/media?parent=383369"}],"wp:term":[{"taxonomy":"category","embeddable":true,"href":"https:\/\/www.europesays.com\/fr\/wp-json\/wp\/v2\/categories?post=383369"},{"taxonomy":"post_tag","embeddable":true,"href":"https:\/\/www.europesays.com\/fr\/wp-json\/wp\/v2\/tags?post=383369"}],"curies":[{"name":"wp","href":"https:\/\/api.w.org\/{rel}","templated":true}]}}