{"id":383373,"date":"2025-09-11T18:05:19","date_gmt":"2025-09-11T18:05:19","guid":{"rendered":"https:\/\/www.europesays.com\/fr\/383373\/"},"modified":"2025-09-11T18:05:19","modified_gmt":"2025-09-11T18:05:19","slug":"sept-maisons-vont-etre-construites-au-lieu-dit-lepinette-a-melesse","status":"publish","type":"post","link":"https:\/\/www.europesays.com\/fr\/383373\/","title":{"rendered":"Sept maisons vont \u00eatre construites au lieu-dit l\u2019\u00c9pinette \u00e0 Melesse"},"content":{"rendered":"<p>Pas moins de sept\u00a0terrains \u00e0 b\u00e2tir sont propos\u00e9s \u00e0 la vente au lieu-dit l\u2019\u00c9pinette \u00e0 Melesse. De 326\u00a0m\u00b2 \u00e0 450\u00a0m\u00b2, les sept\u00a0futures maisons seront construites sur une parcelle actuellement cultiv\u00e9e.<\/p>\n<p>La soci\u00e9t\u00e9 Bati-am\u00e9nagement, am\u00e9nageur \u00e0 Rennes, est en charge du projet. Une SNC (soci\u00e9t\u00e9 en nom collectif) a \u00e9t\u00e9 cr\u00e9\u00e9e pour l\u2019occasion. Le permis d\u2019am\u00e9nager du 5\u00a0mai indique une surface de plancher totale de 1\u00a0400\u00a0m\u00b2 pour un terrain de 3\u00a0172\u00a0m\u00b2 lui-m\u00eame situ\u00e9 sur un champ d\u00e9passant les deux hectares.<\/p>\n<p>Dans ce quartier, les constructions se sont multipli\u00e9es ces derni\u00e8res ann\u00e9es autour de la zone sportive et du nouveau coll\u00e8ge public. \u00a0Le lotissement prend le nom Le Pr\u00e9 Garnier\u00a0, indique le permis d\u2019am\u00e9nager d\u00e9livr\u00e9 par la commune.<\/p>\n<p>\u00a0<\/p>\n","protected":false},"excerpt":{"rendered":"Pas moins de sept\u00a0terrains \u00e0 b\u00e2tir sont propos\u00e9s \u00e0 la vente au lieu-dit l\u2019\u00c9pinette \u00e0 Melesse. De 326\u00a0m\u00b2&hellip;\n","protected":false},"author":2,"featured_media":383374,"comment_status":"","ping_status":"","sticky":false,"template":"","format":"standard","meta":{"footnotes":""},"categories":[2821],"tags":[1111,11,829,51605,51607,1777,674,1011,27,51606,8661,9113,12,3086,584,25],"class_list":{"0":"post-383373","1":"post","2":"type-post","3":"status-publish","4":"format-standard","5":"has-post-thumbnail","7":"category-rennes","8":"tag-actu","9":"tag-actualites","10":"tag-bretagne","11":"tag-construites","12":"tag-epinette","13":"tag-eu","14":"tag-europe","15":"tag-fr","16":"tag-france","17":"tag-lieu-dit","18":"tag-maisons","19":"tag-melesse","20":"tag-news","21":"tag-redon","22":"tag-rennes","23":"tag-republique-francaise"},"share_on_mastodon":{"url":"https:\/\/pubeurope.com\/@fr\/115186992661131830","error":""},"_links":{"self":[{"href":"https:\/\/www.europesays.com\/fr\/wp-json\/wp\/v2\/posts\/383373","targetHints":{"allow":["GET"]}}],"collection":[{"href":"https:\/\/www.europesays.com\/fr\/wp-json\/wp\/v2\/posts"}],"about":[{"href":"https:\/\/www.europesays.com\/fr\/wp-json\/wp\/v2\/types\/post"}],"author":[{"embeddable":true,"href":"https:\/\/www.europesays.com\/fr\/wp-json\/wp\/v2\/users\/2"}],"replies":[{"embeddable":true,"href":"https:\/\/www.europesays.com\/fr\/wp-json\/wp\/v2\/comments?post=383373"}],"version-history":[{"count":0,"href":"https:\/\/www.europesays.com\/fr\/wp-json\/wp\/v2\/posts\/383373\/revisions"}],"wp:featuredmedia":[{"embeddable":true,"href":"https:\/\/www.europesays.com\/fr\/wp-json\/wp\/v2\/media\/383374"}],"wp:attachment":[{"href":"https:\/\/www.europesays.com\/fr\/wp-json\/wp\/v2\/media?parent=383373"}],"wp:term":[{"taxonomy":"category","embeddable":true,"href":"https:\/\/www.europesays.com\/fr\/wp-json\/wp\/v2\/categories?post=383373"},{"taxonomy":"post_tag","embeddable":true,"href":"https:\/\/www.europesays.com\/fr\/wp-json\/wp\/v2\/tags?post=383373"}],"curies":[{"name":"wp","href":"https:\/\/api.w.org\/{rel}","templated":true}]}}