{"id":383375,"date":"2025-09-11T18:06:13","date_gmt":"2025-09-11T18:06:13","guid":{"rendered":"https:\/\/www.europesays.com\/fr\/383375\/"},"modified":"2025-09-11T18:06:13","modified_gmt":"2025-09-11T18:06:13","slug":"vivez-lexperience-fort-boyard-dans-ce-nouveau-complexe-xxl-a-rennes","status":"publish","type":"post","link":"https:\/\/www.europesays.com\/fr\/383375\/","title":{"rendered":"Vivez l\u2019exp\u00e9rience Fort Boyard dans ce nouveau complexe XXL \u00e0 Rennes"},"content":{"rendered":"<p>Un projet XXL pour une nouvelle exp\u00e9rience client&#13;<\/p>\n<p>Ce projet ambitieux est pens\u00e9 comme un compl\u00e9ment naturel \u00e0 l\u2019offre commerciale existante. Il ne s\u2019agit plus seulement de faire ses courses, mais aussi de profiter d\u2019un moment de d\u00e9tente et d\u2019amusement, le tout sous le m\u00eame toit.<\/p>\n<p>&#13;<br \/>\nSpeed Park\u00a0: le c\u0153ur du complexe&#13;<\/p>\n<p>Sur les 7 000 m\u00b2, <strong>6 000 seront occup\u00e9s par Speed Park<\/strong>, un centre multi-activit\u00e9s qui promet de faire battre le c\u0153ur des Rennais. <strong>Au programme\u00a0: <\/strong>20 pistes de bowling dernier cri, un circuit de karting de 205 m\u00e8tres, du laser game pour les amateurs de strat\u00e9gie, des salles de karaok\u00e9 pour lib\u00e9rer sa voix, des jeux d\u2019arcade pour les nostalgiques comme pour les gamers, des salles de quiz immersifs, sans oublier des billards et fl\u00e9chettes pour des parties conviviales.<br \/>Cerise sur le g\u00e2teau, un bar viendra compl\u00e9ter l\u2019ensemble, pour prolonger l\u2019exp\u00e9rience entre deux activit\u00e9s.<\/p>\n<p>&#13;<br \/>\nL\u2019aventure Fort Boyard \u00e0 Rennes\u00a0!&#13;<\/p>\n<p><strong>Les 1 000 m\u00b2 restants accueilleront une exp\u00e9rience unique en son genre\u00a0: <a href=\"https:\/\/www.fortboyardaventures.fr\/\" rel=\"nofollow noopener noreferrer\" target=\"_blank\">Fort Boyard Aventures<\/a><\/strong>, un jeu immersif officiel <strong>con\u00e7u avec les producteurs de la c\u00e9l\u00e8bre \u00e9mission t\u00e9l\u00e9vis\u00e9e.<\/strong> Les participants pourront se glisser dans la peau des candidats du Fort et relever des \u00e9preuves d\u2019adresse, de r\u00e9flexion et de coh\u00e9sion dans 30 salles th\u00e9matiques fid\u00e8lement inspir\u00e9es des mythiques cellules du Fort.<\/p>\n<p>&#13;<\/p>\n<blockquote class=\"instagram-media\" data-instgrm-permalink=\"https:\/\/www.instagram.com\/reel\/CrahPqCoZKC\/?utm_source=ig_embed&amp;utm_campaign=loading\" data-instgrm-version=\"14\" style=\"background: #FFF; border: 0; border-radius: 3px; box-shadow: 0 0 1px 0 rgba(0,0,0,0.5),0 1px 10px 0 rgba(0,0,0,0.15); margin: 1px; max-width: 540px; min-width: 326px; padding: 0; width: calc(100% - 2px);\"><p>&#13;<br \/>\n&#13;\n<\/p><\/blockquote>\n<p>&#13;<br \/>\n&#13;<br \/>\n<br \/>Une premi\u00e8re dans la m\u00e9tropole rennaise&#13;<\/p>\n<p>Ce projet est port\u00e9 par Hadrena, une entreprise sp\u00e9cialis\u00e9e dans les loisirs d\u2019int\u00e9rieur. Pour son directeur g\u00e9n\u00e9ral, J\u00e9m\u00e9ry Letovsky, il s\u2019agit d\u2019\u00ab\u00a0une proposition in\u00e9dite, la premi\u00e8re au sein de la m\u00e9tropole rennaise\u00a0\u00bb. Avec ce concept, Rennes rejoint la liste des grandes villes qui misent sur les complexes multi-activit\u00e9s pour s\u00e9duire un public familial et interg\u00e9n\u00e9rationnel.<br \/>Que ce soit pour une sortie en famille, un afterwork entre coll\u00e8gues ou un week-end entre amis, ce nouveau complexe a tous les atouts pour devenir un spot incontournable de la m\u00e9tropole.<\/p>\n<p>&#13;<\/p>\n<p>Rendez-vous dans quelques mois pour d\u00e9couvrir ce gigantesque terrain de jeu\u00a0!<\/p>\n<p><script async src=\"\/\/www.instagram.com\/embed.js\"><\/script><\/p>\n","protected":false},"excerpt":{"rendered":"Un projet XXL pour une nouvelle exp\u00e9rience client&#13; Ce projet ambitieux est pens\u00e9 comme un compl\u00e9ment naturel \u00e0&hellip;\n","protected":false},"author":2,"featured_media":383376,"comment_status":"","ping_status":"","sticky":false,"template":"","format":"standard","meta":{"footnotes":""},"categories":[2821],"tags":[1111,11,829,1777,674,1011,27,12,584,25],"class_list":{"0":"post-383375","1":"post","2":"type-post","3":"status-publish","4":"format-standard","5":"has-post-thumbnail","7":"category-rennes","8":"tag-actu","9":"tag-actualites","10":"tag-bretagne","11":"tag-eu","12":"tag-europe","13":"tag-fr","14":"tag-france","15":"tag-news","16":"tag-rennes","17":"tag-republique-francaise"},"share_on_mastodon":{"url":"https:\/\/pubeurope.com\/@fr\/115186996728401423","error":""},"_links":{"self":[{"href":"https:\/\/www.europesays.com\/fr\/wp-json\/wp\/v2\/posts\/383375","targetHints":{"allow":["GET"]}}],"collection":[{"href":"https:\/\/www.europesays.com\/fr\/wp-json\/wp\/v2\/posts"}],"about":[{"href":"https:\/\/www.europesays.com\/fr\/wp-json\/wp\/v2\/types\/post"}],"author":[{"embeddable":true,"href":"https:\/\/www.europesays.com\/fr\/wp-json\/wp\/v2\/users\/2"}],"replies":[{"embeddable":true,"href":"https:\/\/www.europesays.com\/fr\/wp-json\/wp\/v2\/comments?post=383375"}],"version-history":[{"count":0,"href":"https:\/\/www.europesays.com\/fr\/wp-json\/wp\/v2\/posts\/383375\/revisions"}],"wp:featuredmedia":[{"embeddable":true,"href":"https:\/\/www.europesays.com\/fr\/wp-json\/wp\/v2\/media\/383376"}],"wp:attachment":[{"href":"https:\/\/www.europesays.com\/fr\/wp-json\/wp\/v2\/media?parent=383375"}],"wp:term":[{"taxonomy":"category","embeddable":true,"href":"https:\/\/www.europesays.com\/fr\/wp-json\/wp\/v2\/categories?post=383375"},{"taxonomy":"post_tag","embeddable":true,"href":"https:\/\/www.europesays.com\/fr\/wp-json\/wp\/v2\/tags?post=383375"}],"curies":[{"name":"wp","href":"https:\/\/api.w.org\/{rel}","templated":true}]}}