{"id":383377,"date":"2025-09-11T18:07:12","date_gmt":"2025-09-11T18:07:12","guid":{"rendered":"https:\/\/www.europesays.com\/fr\/383377\/"},"modified":"2025-09-11T18:07:12","modified_gmt":"2025-09-11T18:07:12","slug":"les-republicains-67-se-rangent-derriere-vetter","status":"publish","type":"post","link":"https:\/\/www.europesays.com\/fr\/383377\/","title":{"rendered":"les R\u00e9publicains 67 se rangent derri\u00e8re Vetter"},"content":{"rendered":"<p>Le bureau d\u00e9partemental des R\u00e9publicains qui s\u2019est tenu mercredi 10\u00a0septembre s\u2019est prononc\u00e9 \u00ab\u00a0\u00e0 l\u2019unanimit\u00e9 en faveur de <a href=\"https:\/\/www.dna.fr\/politique\/2025\/02\/28\/municipales-jean-philippe-vetter-(lr)-en-operation-seduction\" target=\"_blank\" rel=\"nofollow noopener\">la candidature de Jean-Philippe Vetter<\/a> \u00a0\u00bb aux municipales de mars\u00a02026, a-t-on appris ce jeudi 11 septembre aupr\u00e8s d\u2019<a href=\"https:\/\/www.dna.fr\/p\/elsa-schalck\" target=\"_blank\" rel=\"nofollow noopener\">Elsa Schalck<\/a>. La s\u00e9natrice bas-rhinoise (re)devient par la m\u00eame occasion secr\u00e9taire d\u00e9partementale du parti, succ\u00e9dant ainsi \u00e0 Jean-Philippe Maurer.<\/p>\n<p>C\u2019est \u00ab\u00a0la commission nationale d\u2019investiture qui tranchera fin septembre d\u00e9but octobre\u00a0\u00bb, rappelle Elsa Schalck. Sur le papier, <a href=\"https:\/\/www.dna.fr\/elections\/2025\/09\/06\/lr-un-nouveau-candidat-a-l-investiture\" target=\"_blank\" rel=\"nofollow noopener\">la candidature de Yazid Knibiehly<\/a> \u00e0 l\u2019investiture n\u2019est donc pas enterr\u00e9e. \u00ab\u00a0Tout un chacun peut candidater. C\u2019est son droit. Mais on est dans une d\u00e9marche personnelle et plut\u00f4t isol\u00e9e\u00a0\u00bb, commente Elsa Schalck. Comme un signe, la fonction de responsable des Jeunes R\u00e9publicains dont Yazid Knibiehly a pu se r\u00e9clamer dans sa lettre de candidature a \u00e9t\u00e9 attribu\u00e9e \u00e0 Laura Valantin, qui soutient Jean-Philippe Vetter.<\/p>\n<p>Le bureau d\u00e9partemental des R\u00e9publicains a \u00e9galement exprim\u00e9 son soutien unanime et sans \u00e9quivoque \u00e0 la candidature de <a href=\"https:\/\/www.dna.fr\/elections\/2024\/06\/21\/dera-ratsiajetsinimaro-mise-sur-la-proximite\" target=\"_blank\" rel=\"nofollow noopener\">Dera Ratsiajetsinimaro<\/a> pour la ville de Schiltigheim.<\/p>\n","protected":false},"excerpt":{"rendered":"Le bureau d\u00e9partemental des R\u00e9publicains qui s\u2019est tenu mercredi 10\u00a0septembre s\u2019est prononc\u00e9 \u00ab\u00a0\u00e0 l\u2019unanimit\u00e9 en faveur de la&hellip;\n","protected":false},"author":2,"featured_media":383378,"comment_status":"","ping_status":"","sticky":false,"template":"","format":"standard","meta":{"footnotes":""},"categories":[2820],"tags":[1111,11,2880,5949,4188,1777,674,107,1011,27,775,12,316,25,640,2879],"class_list":{"0":"post-383377","1":"post","2":"type-post","3":"status-publish","4":"format-standard","5":"has-post-thumbnail","7":"category-strasbourg","8":"tag-actu","9":"tag-actualites","10":"tag-edition-strasbourg","11":"tag-elections","12":"tag-elections-municipales","13":"tag-eu","14":"tag-europe","15":"tag-fil-info","16":"tag-fr","17":"tag-france","18":"tag-grand-est","19":"tag-news","20":"tag-politique","21":"tag-republique-francaise","22":"tag-strasbourg","23":"tag-strasbourg-ville"},"share_on_mastodon":{"url":"https:\/\/pubeurope.com\/@fr\/115187000592722659","error":""},"_links":{"self":[{"href":"https:\/\/www.europesays.com\/fr\/wp-json\/wp\/v2\/posts\/383377","targetHints":{"allow":["GET"]}}],"collection":[{"href":"https:\/\/www.europesays.com\/fr\/wp-json\/wp\/v2\/posts"}],"about":[{"href":"https:\/\/www.europesays.com\/fr\/wp-json\/wp\/v2\/types\/post"}],"author":[{"embeddable":true,"href":"https:\/\/www.europesays.com\/fr\/wp-json\/wp\/v2\/users\/2"}],"replies":[{"embeddable":true,"href":"https:\/\/www.europesays.com\/fr\/wp-json\/wp\/v2\/comments?post=383377"}],"version-history":[{"count":0,"href":"https:\/\/www.europesays.com\/fr\/wp-json\/wp\/v2\/posts\/383377\/revisions"}],"wp:featuredmedia":[{"embeddable":true,"href":"https:\/\/www.europesays.com\/fr\/wp-json\/wp\/v2\/media\/383378"}],"wp:attachment":[{"href":"https:\/\/www.europesays.com\/fr\/wp-json\/wp\/v2\/media?parent=383377"}],"wp:term":[{"taxonomy":"category","embeddable":true,"href":"https:\/\/www.europesays.com\/fr\/wp-json\/wp\/v2\/categories?post=383377"},{"taxonomy":"post_tag","embeddable":true,"href":"https:\/\/www.europesays.com\/fr\/wp-json\/wp\/v2\/tags?post=383377"}],"curies":[{"name":"wp","href":"https:\/\/api.w.org\/{rel}","templated":true}]}}