{"id":383381,"date":"2025-09-11T18:09:12","date_gmt":"2025-09-11T18:09:12","guid":{"rendered":"https:\/\/www.europesays.com\/fr\/383381\/"},"modified":"2025-09-11T18:09:12","modified_gmt":"2025-09-11T18:09:12","slug":"les-batteries-dune-rame-de-tram-surchauffent-a-nice-les-pompiers-obliges-dintervenir","status":"publish","type":"post","link":"https:\/\/www.europesays.com\/fr\/383381\/","title":{"rendered":"Les batteries d\u2019une rame de tram surchauffent \u00e0 Nice, les pompiers oblig\u00e9s d\u2019intervenir"},"content":{"rendered":"<p>Dans la nuit de mercredi \u00e0 jeudi, les <strong>batteries d\u2019une rame de tram<\/strong> qui venait d\u2019\u00eatre remis\u00e9e au d\u00e9p\u00f4t de Las Planas, \u00e0 <strong>Nice<\/strong>, ont surchauff\u00e9.<\/p>\n<p>Les sapeurs-pompiers ont d\u00fb intervenir pour circonscrire, au moyen d\u2019une lance \u00e0 mousse, ce <strong>d\u00e9but d\u2019incendie<\/strong>.<\/p>\n<p>Gr\u00e2ce \u00e0 leur action le sinistre a pu \u00eatre <strong>rapidement ma\u00eetris\u00e9<\/strong> avant qu\u2019il ne se propage.<\/p>\n<p>Trois engins et une quinzaine de soldats du feu ont \u00e9t\u00e9 mobilis\u00e9s sur cette intervention peu banale.<\/p>\n","protected":false},"excerpt":{"rendered":"Dans la nuit de mercredi \u00e0 jeudi, les batteries d\u2019une rame de tram qui venait d\u2019\u00eatre remis\u00e9e au&hellip;\n","protected":false},"author":2,"featured_media":383382,"comment_status":"","ping_status":"","sticky":false,"template":"","format":"standard","meta":{"footnotes":""},"categories":[2819],"tags":[1111,11,1777,674,118,1011,27,12,2401,882,25],"class_list":{"0":"post-383381","1":"post","2":"type-post","3":"status-publish","4":"format-standard","5":"has-post-thumbnail","7":"category-nice","8":"tag-actu","9":"tag-actualites","10":"tag-eu","11":"tag-europe","12":"tag-faits-divers","13":"tag-fr","14":"tag-france","15":"tag-news","16":"tag-nice","17":"tag-provence-alpes-cote-dazur","18":"tag-republique-francaise"},"share_on_mastodon":{"url":"https:\/\/pubeurope.com\/@fr\/115187008644123407","error":""},"_links":{"self":[{"href":"https:\/\/www.europesays.com\/fr\/wp-json\/wp\/v2\/posts\/383381","targetHints":{"allow":["GET"]}}],"collection":[{"href":"https:\/\/www.europesays.com\/fr\/wp-json\/wp\/v2\/posts"}],"about":[{"href":"https:\/\/www.europesays.com\/fr\/wp-json\/wp\/v2\/types\/post"}],"author":[{"embeddable":true,"href":"https:\/\/www.europesays.com\/fr\/wp-json\/wp\/v2\/users\/2"}],"replies":[{"embeddable":true,"href":"https:\/\/www.europesays.com\/fr\/wp-json\/wp\/v2\/comments?post=383381"}],"version-history":[{"count":0,"href":"https:\/\/www.europesays.com\/fr\/wp-json\/wp\/v2\/posts\/383381\/revisions"}],"wp:featuredmedia":[{"embeddable":true,"href":"https:\/\/www.europesays.com\/fr\/wp-json\/wp\/v2\/media\/383382"}],"wp:attachment":[{"href":"https:\/\/www.europesays.com\/fr\/wp-json\/wp\/v2\/media?parent=383381"}],"wp:term":[{"taxonomy":"category","embeddable":true,"href":"https:\/\/www.europesays.com\/fr\/wp-json\/wp\/v2\/categories?post=383381"},{"taxonomy":"post_tag","embeddable":true,"href":"https:\/\/www.europesays.com\/fr\/wp-json\/wp\/v2\/tags?post=383381"}],"curies":[{"name":"wp","href":"https:\/\/api.w.org\/{rel}","templated":true}]}}