{"id":383401,"date":"2025-09-11T18:19:11","date_gmt":"2025-09-11T18:19:11","guid":{"rendered":"https:\/\/www.europesays.com\/fr\/383401\/"},"modified":"2025-09-11T18:19:11","modified_gmt":"2025-09-11T18:19:11","slug":"circulation-bus-parkings-les-amenagements-pendant-le-chantier","status":"publish","type":"post","link":"https:\/\/www.europesays.com\/fr\/383401\/","title":{"rendered":"circulation, bus, parkings&#8230; les am\u00e9nagements pendant le chantier"},"content":{"rendered":"<p>Une mesure qui <a href=\"https:\/\/www.laprovence.com\/article\/region\/1512781073627615\/a-marseille-un-premier-dimanche-sans-voitures-sur-la-route-des-goudes\" target=\"_blank\" rel=\"nofollow noopener\">pourrait faciliter la vie des Goudois<\/a> et des millions de touristes annuels du Parc national des calanques. Alors que l\u2019\u00c9tat <a href=\"https:\/\/www.laprovence.com\/article\/region\/4441840150561414\/depollution-des-calanques-de-marseille-aux-goudes-on-sinquiete-du-stationnement-pendant-le-chantier\" target=\"_blank\" rel=\"nofollow noopener\">s\u2019y refusait jusqu\u2019\u00e0 maintenant<\/a>, ce dernier a conc\u00e9d\u00e9 l\u2019implantation \u00ab\u00a0temporaire durant la p\u00e9riode du chantier\u00a0\u00bb de <a href=\"https:\/\/www.laprovence.com\/article\/region\/4384848705240514\/la-depollution-des-calanques-au-sud-de-marseille-un-chantier-sous-tres-haute-surveillance\" target=\"_blank\" rel=\"nofollow noopener\">d\u00e9pollution des calanques<\/a> de deux \u00ab\u00a0zones de d\u00e9lestage\u00a0\u00bb &#8211; des parkings sans marquages au sol. <a href=\"https:\/\/www.laprovence.com\/article\/societe\/2258223338854114\/10-septembre-plus-de-8000-manifestants-a-marseille-200-a-aix-300-a-avignon-le-bilan-de-la-mobilisation-en-provence\" target=\"_blank\" rel=\"nofollow noopener\">La pr\u00e9fecture des Bouches-du-Rh\u00f4ne<\/a> a pris un arr\u00eat\u00e9 pour am\u00e9nager 100\u00a0places suppl\u00e9mentaires aux Goudes (8e).<\/p>\n<p>Un parking r\u00e9serv\u00e9 aux habitants, deux accessibles aux visiteurs<\/p>\n<p>La <a href=\"https:\/\/www.laprovence.com\/article\/region\/4441840150561414\/depollution-des-calanques-de-marseille-aux-goudes-on-sinquiete-du-stationnement-pendant-le-chantier\" target=\"_blank\" rel=\"nofollow noopener\">plus grande aire de stationnement<\/a> sera install\u00e9e d\u00e8s le 15\u00a0septembre, au niveau de la partie haute du parking Napol\u00e9on, situ\u00e9 boulevard Alexandre Delabre entre les Goudes et Callelongue (8e). Le parking est rep\u00e9rable gr\u00e2ce \u00e0 ses glissi\u00e8res de s\u00e9curit\u00e9 rouge et blanche. \u00ab\u00a0On a demand\u00e9 \u00e0 la pr\u00e9fecture que les places occup\u00e9es par les ouvriers du chantier soient strictement compens\u00e9es par une zone de d\u00e9lestage \u00e0 c\u00f4t\u00e9. On a obtenu 80\u00a0places environ au lieu de la quinzaine pr\u00e9vue\u00a0\u00bb, fait savoir la mairie des 6e-8e.<\/p>\n<p>En plus, 30 places r\u00e9serv\u00e9es aux habitants doivent \u00eatre am\u00e9nag\u00e9es au niveau de l\u2019anse de la Maronaise. Enfin, la pr\u00e9fecture a pris un arr\u00eat\u00e9 qui devrait s\u2019applique&#8230;<\/p>\n","protected":false},"excerpt":{"rendered":"Une mesure qui pourrait faciliter la vie des Goudois et des millions de touristes annuels du Parc national&hellip;\n","protected":false},"author":2,"featured_media":383402,"comment_status":"","ping_status":"","sticky":false,"template":"","format":"standard","meta":{"footnotes":""},"categories":[2814],"tags":[17,1111,11,7048,3542,36778,1777,674,1011,27,3135,884,12,8028,882,16,25,7053],"class_list":{"0":"post-383401","1":"post","2":"type-post","3":"status-publish","4":"format-standard","5":"has-post-thumbnail","7":"category-marseille","8":"tag-17","9":"tag-actu","10":"tag-actualites","11":"tag-bus","12":"tag-circulation","13":"tag-depollution","14":"tag-eu","15":"tag-europe","16":"tag-fr","17":"tag-france","18":"tag-littoral","19":"tag-marseille","20":"tag-news","21":"tag-parkings","22":"tag-provence-alpes-cote-dazur","23":"tag-region","24":"tag-republique-francaise","25":"tag-sud"},"share_on_mastodon":{"url":"https:\/\/pubeurope.com\/@fr\/115187047827331318","error":""},"_links":{"self":[{"href":"https:\/\/www.europesays.com\/fr\/wp-json\/wp\/v2\/posts\/383401","targetHints":{"allow":["GET"]}}],"collection":[{"href":"https:\/\/www.europesays.com\/fr\/wp-json\/wp\/v2\/posts"}],"about":[{"href":"https:\/\/www.europesays.com\/fr\/wp-json\/wp\/v2\/types\/post"}],"author":[{"embeddable":true,"href":"https:\/\/www.europesays.com\/fr\/wp-json\/wp\/v2\/users\/2"}],"replies":[{"embeddable":true,"href":"https:\/\/www.europesays.com\/fr\/wp-json\/wp\/v2\/comments?post=383401"}],"version-history":[{"count":0,"href":"https:\/\/www.europesays.com\/fr\/wp-json\/wp\/v2\/posts\/383401\/revisions"}],"wp:featuredmedia":[{"embeddable":true,"href":"https:\/\/www.europesays.com\/fr\/wp-json\/wp\/v2\/media\/383402"}],"wp:attachment":[{"href":"https:\/\/www.europesays.com\/fr\/wp-json\/wp\/v2\/media?parent=383401"}],"wp:term":[{"taxonomy":"category","embeddable":true,"href":"https:\/\/www.europesays.com\/fr\/wp-json\/wp\/v2\/categories?post=383401"},{"taxonomy":"post_tag","embeddable":true,"href":"https:\/\/www.europesays.com\/fr\/wp-json\/wp\/v2\/tags?post=383401"}],"curies":[{"name":"wp","href":"https:\/\/api.w.org\/{rel}","templated":true}]}}