{"id":383403,"date":"2025-09-11T18:20:21","date_gmt":"2025-09-11T18:20:21","guid":{"rendered":"https:\/\/www.europesays.com\/fr\/383403\/"},"modified":"2025-09-11T18:20:21","modified_gmt":"2025-09-11T18:20:21","slug":"om-comment-benjamin-pavard-compte-sintegrer-a-la-vitesse-grand-v-a-marseille","status":"publish","type":"post","link":"https:\/\/www.europesays.com\/fr\/383403\/","title":{"rendered":"OM. Comment Benjamin Pavard compte s&rsquo;int\u00e9grer \u00e0 la vitesse grand V \u00e0 Marseille"},"content":{"rendered":"<p>48 heures chrono. <a href=\"https:\/\/www.laprovence.com\/article\/om\/95495867902044\/om-benjamin-pavard-derniere-recrue-olympienne-est-arrive-a-marseille\" target=\"_blank\" rel=\"noopener\">Arriv\u00e9 en Provence mercredi<\/a>, <a href=\"https:\/\/www.laprovence.com\/article\/om\/2874304885152414\/direct-laprovence-om-suivez-la-conference-de-presse-de-benjamin-pavard-et-roberto-de-zerbi\" target=\"_blank\" rel=\"noopener\">pr\u00e9sent\u00e9 \u00e0 la presse jeudi<\/a>, Benjamin Pavard <a href=\"https:\/\/www.laprovence.com\/article\/om\/95023641429144\/om-sans-balerdi-rulli-et-aubameyang-au-coup-denvoi-face-a-lorient\" target=\"_blank\" rel=\"noopener\">va disputer son premier match sous les couleurs de l&rsquo;OM d\u00e8s ce vendredi soir<\/a>, contre Lorient, sur la pelouse du stade V\u00e9lodrome. Autant dire que <a href=\"https:\/\/www.laprovence.com\/article\/om\/94243145789012\/om-pavard-des-atouts-a-faire-valoir-pour-devenir-le-patron-de-l-equipe\" target=\"_blank\" rel=\"noopener\">l&rsquo;international fran\u00e7ais (55 s\u00e9lections, 5 buts)<\/a>, pass\u00e9 \u00e0 la post\u00e9rit\u00e9 depuis le Mondial-2018 et sa reprise stratosph\u00e9rique contre l&rsquo;Argentine, n&rsquo;a pas le temps de gamberger. \u00ab\u00a0C&rsquo;est beaucoup d&rsquo;\u00e9motions pour moi, \u00e7a fait neuf ans que je suis parti de France, a-t-il comment\u00e9, hier sur les hauteurs de La Commanderie, apr\u00e8s avoir salu\u00e9 un \u00e0 un les suiveurs du plus fada des clubs fran\u00e7ais. \u00c7a m&rsquo;a beaucoup manqu\u00e9. Le projet de l&rsquo;OM m&rsquo;a tout de suite plu, je me rapproche de ma famille alors que je suis parti tr\u00e8s jeune de la maison, ma femme (l&rsquo;actrice et Miss Provence\u00a02017, <a href=\"https:\/\/www.laprovence.com\/article\/sorties-loisirs\/4560745\/kleofina-la-nouvelle-miss-provence-est-peyrollaise.html\" target=\"_blank\" rel=\"noopener\">Kleofina Pnishi<\/a>, Ndlr) est marseillaise aussi, je suis tr\u00e8s heureux d&rsquo;\u00eatre ici et je suis pr\u00eat pour jouer \u00e0 l&rsquo;OM.\u00a0\u00bb<\/p>\n<p>N\u00e9 \u00e0 Maubeuge, form\u00e9 \u00e0 Lille, parti \u00e0 Stuttgart avant de d\u00e9couvrir le Bayern Munich et de s&rsquo;imposer \u00e0 <a href=\"https:\/\/www.laprovence.com\/article\/sports\/1323901011534214\/jaurais-prefere-mourir-avant-de-voir-ca-les-supporters-marseillais-degoutes-apres-la-victoire-de-paris-en-ligue-des-champions\" target=\"_blank\" rel=\"noopener\">l&rsquo;Inter Milan<\/a>, le d\u00e9fenseur polyvalent (1,86\u00a0m) revient dans l&rsquo;Hexagone avec un autre statut et une exp\u00e9rience redoutable. \u00ab\u00a0Marseille est un tr\u00e8s grand club aussi, <a href=\"https:\/\/www.laprovence.com\/article\/om\/89815173528351\/om-il-n-y-avait-que-l-olympique-de-marseille-dans-ma-tete-les-premiers-mots-de-benjamin-pavard-derniere-recrue-de-l-ete\" target=\"_blank\" rel=\"noopener\">a-t-il pr<\/a>&#8230;<\/p>\n","protected":false},"excerpt":{"rendered":"48 heures chrono. Arriv\u00e9 en Provence mercredi, pr\u00e9sent\u00e9 \u00e0 la presse jeudi, Benjamin Pavard va disputer son premier&hellip;\n","protected":false},"author":2,"featured_media":383404,"comment_status":"","ping_status":"","sticky":false,"template":"","format":"standard","meta":{"footnotes":""},"categories":[2814],"tags":[17,1111,11,17232,20,9705,1777,674,1011,27,884,12,149,51610,882,25,51611,6956],"class_list":{"0":"post-383403","1":"post","2":"type-post","3":"status-publish","4":"format-standard","5":"has-post-thumbnail","7":"category-marseille","8":"tag-17","9":"tag-actu","10":"tag-actualites","11":"tag-benjamin","12":"tag-comment","13":"tag-compte","14":"tag-eu","15":"tag-europe","16":"tag-fr","17":"tag-france","18":"tag-marseille","19":"tag-news","20":"tag-om","21":"tag-pavard","22":"tag-provence-alpes-cote-dazur","23":"tag-republique-francaise","24":"tag-sintegrer","25":"tag-vitesse"},"share_on_mastodon":{"url":"https:\/\/pubeurope.com\/@fr\/115187051723010024","error":""},"_links":{"self":[{"href":"https:\/\/www.europesays.com\/fr\/wp-json\/wp\/v2\/posts\/383403","targetHints":{"allow":["GET"]}}],"collection":[{"href":"https:\/\/www.europesays.com\/fr\/wp-json\/wp\/v2\/posts"}],"about":[{"href":"https:\/\/www.europesays.com\/fr\/wp-json\/wp\/v2\/types\/post"}],"author":[{"embeddable":true,"href":"https:\/\/www.europesays.com\/fr\/wp-json\/wp\/v2\/users\/2"}],"replies":[{"embeddable":true,"href":"https:\/\/www.europesays.com\/fr\/wp-json\/wp\/v2\/comments?post=383403"}],"version-history":[{"count":0,"href":"https:\/\/www.europesays.com\/fr\/wp-json\/wp\/v2\/posts\/383403\/revisions"}],"wp:featuredmedia":[{"embeddable":true,"href":"https:\/\/www.europesays.com\/fr\/wp-json\/wp\/v2\/media\/383404"}],"wp:attachment":[{"href":"https:\/\/www.europesays.com\/fr\/wp-json\/wp\/v2\/media?parent=383403"}],"wp:term":[{"taxonomy":"category","embeddable":true,"href":"https:\/\/www.europesays.com\/fr\/wp-json\/wp\/v2\/categories?post=383403"},{"taxonomy":"post_tag","embeddable":true,"href":"https:\/\/www.europesays.com\/fr\/wp-json\/wp\/v2\/tags?post=383403"}],"curies":[{"name":"wp","href":"https:\/\/api.w.org\/{rel}","templated":true}]}}