{"id":383405,"date":"2025-09-11T18:21:09","date_gmt":"2025-09-11T18:21:09","guid":{"rendered":"https:\/\/www.europesays.com\/fr\/383405\/"},"modified":"2025-09-11T18:21:09","modified_gmt":"2025-09-11T18:21:09","slug":"des-billets-des-23-euros","status":"publish","type":"post","link":"https:\/\/www.europesays.com\/fr\/383405\/","title":{"rendered":"des billets d\u00e8s 23 euros"},"content":{"rendered":"<p>            Par<br \/>\n        <strong><br \/>\n            <a href=\"https:\/\/actu.fr\/auteur\/anthony-soudani\" title=\"Consulter tous les articles de Anthony Soudani\" target=\"_blank\" rel=\"noopener\">Anthony Soudani<\/a><br \/>\n        <\/strong><\/p>\n<p>        Publi\u00e9 le<\/p>\n<p>            11 sept. 2025 \u00e0 18h39        <\/p>\n<p>Trenitalia va ouvrir lundi 15 septembre les ventes jusqu\u2019\u00e0 mi-mars pour la saison hivernale sur ses trois lignes <a href=\"https:\/\/actu.fr\/auvergne-rhone-alpes\/lyon_69123\/trenitalia-frappe-fort-contre-la-sncf-et-ajoute-encore-un-train-entre-lyon-et-paris_62949208.html\" target=\"_blank\" rel=\"noopener\">Paris\u2013Lyon<\/a>, Paris\u2013Marseille et Paris\u2013Milan. Et bonne surprise pour les usagers de la ligne entre la capitale et la pr\u00e9fecture du Rh\u00f4ne, l\u2019offre s\u2019\u00e9toffe \u00e9norm\u00e9ment \u00e0 partir du 14 d\u00e9cembre 2025.\u00a0<\/p>\n<p class=\" wall-content\">Prix des billets, nombre d\u2019allers-retours\u2026 voici tout ce qu\u2019il faut savoir.<\/p>\n<p>14 allers-retours par jour<\/p>\n<p class=\" wall-content\">La compagnie italienne, concurrente de la SNCF, va proposer <strong>cinq allers-retours suppl\u00e9mentaires<\/strong>, portant \u00e0 14 le nombre total d\u2019allers-retours quotidiens en semaine des trains \u00e0 grande vitesse Frecciarossa sur l\u2019axe Paris-Lyon.<\/p>\n<p class=\" wall-content\">\u00ab\u00a0Apr\u00e8s un premier renforcement en juin dernier, <a href=\"https:\/\/actu.fr\/auvergne-rhone-alpes\/lyon_69123\/lyon-part-dieu-un-incident-rare-sur-un-train-trenitalia-provoque-une-sacree-pagaille_63040758.html\" target=\"_blank\" rel=\"noopener\">Trenitalia<\/a> propose actuellement neuf allers-retours quotidiens entre Paris et Lyon, faisant de cet axe un pilier de son r\u00e9seau en France\u00a0\u00bb, explique la compagnie qui fera rouler d\u00e9sormais 28 trains durant la semaine sur cette ligne.<\/p>\n<p class=\" wall-content\">\u00ab\u00a0Plus d\u2019un tiers de l\u2019offre sera assur\u00e9e par Trenitalia entre les deux m\u00e9tropoles, illustrant le virage pris par la compagnie vers une pr\u00e9sence forte et durable sur cet axe strat\u00e9gique\u00a0\u00bb, glisse la direction de l\u2019entreprise transalpine.<\/p>\n<p>Des billets d\u00e8s 23 euros<\/p>\n<p class=\" wall-content\">\u00ab\u00a0Ces fr\u00e9quences suppl\u00e9mentaires visent \u00e0 r\u00e9pondre \u00e0 une demande toujours croissante des voyageurs, qu\u2019ils soient professionnels ou de loisirs\u00a0\u00bb, affirme Trenitalia.<\/p>\n<p class=\" wall-content\">Les billets entre Paris et Lyon sont disponibles \u00e0 partir de 23 \u20ac, <strong>un prix tr\u00e8s avantageux<\/strong> lorsqu\u2019on connait le co\u00fbt d\u2019un aller-retour entre les deux villes du c\u00f4t\u00e9 de la SNCF (notamment en forte p\u00e9riode de demande).<\/p>\n<p>Votre r\u00e9gion, votre actu !<\/p>\n<p>Recevez chaque jour les infos qui comptent pour vous.<\/p>\n<p>\t<a href=\"https:\/\/actu.fr\/newsletter\" class=\"ac-btn ac-btn--corner ac-btn--medium ac-btn--blue800\" target=\"_blank\" rel=\"noopener\">S&rsquo;incrire<\/a><\/p>\n<p class=\" wall-content\">Cependant, attention, ce tarif correspond \u00e0 la classe standard et il est \u00e9volutif en fonction des places disponibles.\u00a0<\/p>\n<p class=\" wall-content\">Personnalisez votre actualit\u00e9 en ajoutant vos villes et m\u00e9dias en favori avec <a href=\"https:\/\/moncompte.actu.fr\" title=\"D\u00e9couvez Mon Actu\" rel=\"nofollow noopener\" data-trk=\"{&quot;cta&quot;:{&quot;action&quot;:&quot;https:\\\/\\\/moncompte.actu.fr&quot;,&quot;category&quot;:&quot;mon compte&quot;,&quot;from&quot;:&quot;article footer&quot;,&quot;name&quot;:&quot;Mon actu&quot;,&quot;type&quot;:&quot;cta&quot;}}\" target=\"_blank\">Mon Actu<\/a>.<\/p>\n","protected":false},"excerpt":{"rendered":"Par Anthony Soudani Publi\u00e9 le 11 sept. 2025 \u00e0 18h39 Trenitalia va ouvrir lundi 15 septembre les ventes&hellip;\n","protected":false},"author":2,"featured_media":149333,"comment_status":"","ping_status":"","sticky":false,"template":"","format":"standard","meta":{"footnotes":""},"categories":[1889],"tags":[1111,11,2430,33,1777,674,1011,27,2428,12,25,2215,2803,7582],"class_list":{"0":"post-383405","1":"post","2":"type-post","3":"status-publish","4":"format-standard","5":"has-post-thumbnail","7":"category-lyon","8":"tag-actu","9":"tag-actualites","10":"tag-auvergne-rhone-alpes","11":"tag-economie","12":"tag-eu","13":"tag-europe","14":"tag-fr","15":"tag-france","16":"tag-lyon","17":"tag-news","18":"tag-republique-francaise","19":"tag-sncf","20":"tag-transport","21":"tag-trenitalia"},"share_on_mastodon":{"url":"https:\/\/pubeurope.com\/@fr\/115187055657255248","error":""},"_links":{"self":[{"href":"https:\/\/www.europesays.com\/fr\/wp-json\/wp\/v2\/posts\/383405","targetHints":{"allow":["GET"]}}],"collection":[{"href":"https:\/\/www.europesays.com\/fr\/wp-json\/wp\/v2\/posts"}],"about":[{"href":"https:\/\/www.europesays.com\/fr\/wp-json\/wp\/v2\/types\/post"}],"author":[{"embeddable":true,"href":"https:\/\/www.europesays.com\/fr\/wp-json\/wp\/v2\/users\/2"}],"replies":[{"embeddable":true,"href":"https:\/\/www.europesays.com\/fr\/wp-json\/wp\/v2\/comments?post=383405"}],"version-history":[{"count":0,"href":"https:\/\/www.europesays.com\/fr\/wp-json\/wp\/v2\/posts\/383405\/revisions"}],"wp:featuredmedia":[{"embeddable":true,"href":"https:\/\/www.europesays.com\/fr\/wp-json\/wp\/v2\/media\/149333"}],"wp:attachment":[{"href":"https:\/\/www.europesays.com\/fr\/wp-json\/wp\/v2\/media?parent=383405"}],"wp:term":[{"taxonomy":"category","embeddable":true,"href":"https:\/\/www.europesays.com\/fr\/wp-json\/wp\/v2\/categories?post=383405"},{"taxonomy":"post_tag","embeddable":true,"href":"https:\/\/www.europesays.com\/fr\/wp-json\/wp\/v2\/tags?post=383405"}],"curies":[{"name":"wp","href":"https:\/\/api.w.org\/{rel}","templated":true}]}}