{"id":383406,"date":"2025-09-11T18:22:39","date_gmt":"2025-09-11T18:22:39","guid":{"rendered":"https:\/\/www.europesays.com\/fr\/383406\/"},"modified":"2025-09-11T18:22:39","modified_gmt":"2025-09-11T18:22:39","slug":"vingt-cinq-interpellations-mercredi-a-lyon","status":"publish","type":"post","link":"https:\/\/www.europesays.com\/fr\/383406\/","title":{"rendered":"vingt-cinq interpellations mercredi \u00e0 Lyon"},"content":{"rendered":"<p>Au cours de la journ\u00e9e de mercredi, vingt-cinq personnes ont \u00e9t\u00e9 interpell\u00e9es en marge des manifestations \u00ab\u00a0Bloquons tout \u00e0 Lyon\u00a0\u00bb. Si quatre d\u2019entre eux n\u2019ont fait l\u2019objet que d\u2019une amende forfaitaire d\u00e9lictuelle pour violation d\u2019une interdiction pr\u00e9fectorale de manifester, les vingt et une autres, mises en cause dans des violences et des d\u00e9gradations, ont \u00e9t\u00e9 plac\u00e9es en garde \u00e0 vue.<\/p>\n<p>Mardi soir d\u00e9j\u00e0, \u00e0 la veille du mouvement, un militant syndical avait \u00e9t\u00e9 plac\u00e9 en garde \u00e0 vue, une mesure d\u00e9nonc\u00e9e mercredi par le syndicat des musicien-nes CGT en Rh\u00f4ne-Alpes (SNAM-RA) qualifiant son interpellation de \u00ab\u00a0pratique d\u2019intervention pr\u00e9ventive devenue tristement banale pour museler les mouvements sociaux\u00a0\u00bb. Selon ce syndicat, ce militant actif a \u00e9t\u00e9 plac\u00e9 en garde \u00e0 vue pour association de malfaiteurs en raison de \u00ab\u00a0sa participation aux assembl\u00e9es g\u00e9n\u00e9rales de pr\u00e9paration du mouvement du 10\u00a0septembre\u00a0\u00bb.<\/p>\n<p>  Une bouteille d\u2019essence cach\u00e9e\u00a0en pr\u00e9vision du mouvement<\/p>\n<p>Selon le parquet de Lyon, le motif de son interpellation est plus complexe. \u00ab\u00a0Il faisait partie d\u2019un groupe de plusieurs personnes\u00a0\u00bb, a indiqu\u00e9 ce jeudi le parquet, et l\u2019une d\u2019elles a dissimul\u00e9 \u00ab\u00a0une bouteille en plastique contenant un liquide inflammable sur <a href=\"https:\/\/www.leprogres.fr\/videos\/bloquons-tout-a-lyon-des-debordements-en-marge-de-la-mobilisation-30z0kpu\" target=\"_blank\" rel=\"noopener\">un lieu de rassemblement<\/a> du lendemain\u00a0\u00bb, \u00e0 Lyon.<\/p>\n<p>Lors de sa garde \u00e0 vue pour \u00ab\u00a0participation \u00e0 une association de malfaiteurs en vue de la pr\u00e9paration d\u2019un d\u00e9lit\u00a0\u00bb, il a refus\u00e9 de communiquer les codes permettant de d\u00e9verrouiller son t\u00e9l\u00e9phone, ce qui constitue une infraction. Au terme des investigations, le parquet de Lyon a consid\u00e9r\u00e9 que \u00ab\u00a0les charges relatives au d\u00e9lit de participation \u00e0 une association de malfaiteurs n\u2019\u00e9taient pas suffisantes pour exercer des poursuites\u00a0\u00bb.<\/p>\n<p>Il sera en revanche poursuivi pour \u00ab\u00a0refus de remettre aux autorit\u00e9s judiciaires ou de mettre en \u0153uvre la convention secr\u00e8te de d\u00e9chiffrement d\u2019un moyen de cryptologie\u00a0\u00bb et a \u00e9t\u00e9 d\u00e9f\u00e9r\u00e9 jeudi apr\u00e8s-midi en vue d\u2019un placement sous contr\u00f4le judiciaire.<\/p>\n","protected":false},"excerpt":{"rendered":"Au cours de la journ\u00e9e de mercredi, vingt-cinq personnes ont \u00e9t\u00e9 interpell\u00e9es en marge des manifestations \u00ab\u00a0Bloquons tout&hellip;\n","protected":false},"author":2,"featured_media":383407,"comment_status":"","ping_status":"","sticky":false,"template":"","format":"standard","meta":{"footnotes":""},"categories":[1889],"tags":[1111,11,2430,271,272,2757,1777,674,274,107,1011,27,2428,2756,12,25,2429],"class_list":{"0":"post-383406","1":"post","2":"type-post","3":"status-publish","4":"format-standard","5":"has-post-thumbnail","7":"category-lyon","8":"tag-actu","9":"tag-actualites","10":"tag-auvergne-rhone-alpes","11":"tag-crime","12":"tag-delit-et-contravention","13":"tag-edition-lyon-villeurbanne","14":"tag-eu","15":"tag-europe","16":"tag-faits-divers-justice","17":"tag-fil-info","18":"tag-fr","19":"tag-france","20":"tag-lyon","21":"tag-lyon-bassin","22":"tag-news","23":"tag-republique-francaise","24":"tag-rhone"},"share_on_mastodon":{"url":"https:\/\/pubeurope.com\/@fr\/115187059571356190","error":""},"_links":{"self":[{"href":"https:\/\/www.europesays.com\/fr\/wp-json\/wp\/v2\/posts\/383406","targetHints":{"allow":["GET"]}}],"collection":[{"href":"https:\/\/www.europesays.com\/fr\/wp-json\/wp\/v2\/posts"}],"about":[{"href":"https:\/\/www.europesays.com\/fr\/wp-json\/wp\/v2\/types\/post"}],"author":[{"embeddable":true,"href":"https:\/\/www.europesays.com\/fr\/wp-json\/wp\/v2\/users\/2"}],"replies":[{"embeddable":true,"href":"https:\/\/www.europesays.com\/fr\/wp-json\/wp\/v2\/comments?post=383406"}],"version-history":[{"count":0,"href":"https:\/\/www.europesays.com\/fr\/wp-json\/wp\/v2\/posts\/383406\/revisions"}],"wp:featuredmedia":[{"embeddable":true,"href":"https:\/\/www.europesays.com\/fr\/wp-json\/wp\/v2\/media\/383407"}],"wp:attachment":[{"href":"https:\/\/www.europesays.com\/fr\/wp-json\/wp\/v2\/media?parent=383406"}],"wp:term":[{"taxonomy":"category","embeddable":true,"href":"https:\/\/www.europesays.com\/fr\/wp-json\/wp\/v2\/categories?post=383406"},{"taxonomy":"post_tag","embeddable":true,"href":"https:\/\/www.europesays.com\/fr\/wp-json\/wp\/v2\/tags?post=383406"}],"curies":[{"name":"wp","href":"https:\/\/api.w.org\/{rel}","templated":true}]}}