{"id":383410,"date":"2025-09-11T18:24:18","date_gmt":"2025-09-11T18:24:18","guid":{"rendered":"https:\/\/www.europesays.com\/fr\/383410\/"},"modified":"2025-09-11T18:24:18","modified_gmt":"2025-09-11T18:24:18","slug":"premiere-edition-des-journees-nationales-des-artistes-plus-de-320-initiatives-en-ile-de-france","status":"publish","type":"post","link":"https:\/\/www.europesays.com\/fr\/383410\/","title":{"rendered":"Premi\u00e8re \u00e9dition des Journ\u00e9es nationales des artistes\u00a0: plus de 320 initiatives en Ile-de-France"},"content":{"rendered":"<p><a href=\"https:\/\/94.citoyens.com\/2025\/ile-de-france-jusqua-340-000-personnes-pourraient-etre-logees-dans-des-bureaux-recycles,16-07-2025.html\" title=\"Ile-de-France\u00a0: jusqu\u2019\u00e0 340 000 personnes pourraient \u00eatre log\u00e9es dans des bureaux recycl\u00e9s\" class=\"visuel\" target=\"_blank\" rel=\"noopener\"> <img decoding=\"async\" src=\"https:\/\/www.europesays.com\/fr\/wp-content\/uploads\/2025\/09\/valdefontenay-380x173.jpg\"  class=\"attachment-home-article wp-post-image lazyload\" alt=\"Ile-de-France\u00a0: jusqu\u2019\u00e0 340 000 personnes pourraient \u00eatre log\u00e9es dans des bureaux recycl\u00e9s\"\/>  \u00a9 CD\t <\/a> <a class=\"lien-icone-article-payant\" href=\"https:\/\/94.citoyens.com\/gestion-abonnement\/paiement-abonnement?level=1\" title=\"Article r\u00e9serv\u00e9 aux abonn\u00e9s\" target=\"_blank\" rel=\"noopener\">  <img decoding=\"async\" class=\"icone-article-payant\" alt=\"Article r\u00e9serv\u00e9 aux abonn\u00e9s\" src=\"https:\/\/www.europesays.com\/fr\/wp-content\/uploads\/2025\/04\/sans_contour_32x32_couleur_originale.png\"\/>  <\/a> <a href=\"https:\/\/94.citoyens.com\/2025\/ile-de-france-jusqua-340-000-personnes-pourraient-etre-logees-dans-des-bureaux-recycles,16-07-2025.html\" title=\"Ile-de-France\u00a0: jusqu\u2019\u00e0 340 000 personnes pourraient \u00eatre log\u00e9es dans des bureaux recycl\u00e9s\" target=\"_blank\" rel=\"noopener\"> Ile-de-France\u00a0: jusqu\u2019\u00e0 340 000 personnes pourraient \u00eatre log\u00e9es dans des bureaux recycl\u00e9s\t<\/a><\/p>\n<p>Plus de 5,6 millions de m\u00e8tres carr\u00e9s de bureaux sont vides en \u00cele-de-France. Alors que la demande de logements explose, en particulier dans le parc social, l\u2019\u00c9tat a annonc\u00e9 en mars 2025 un plan pour la reconversion de ces surfaces inutilis\u00e9es. Selon une hypoth\u00e8se de l\u2019Orie, jusqu\u2019\u00e0 150 000 logements pourraient \u00eatre cr\u00e9\u00e9s. D\u2019ores et\u2026<\/p>\n<p><a href=\"https:\/\/94.citoyens.com\/2025\/la-metropole-du-grand-paris-deploie-sa-methode-velo-pour-doper-les-pistes-cyclables-en-banlieue,27-08-2025.html\" title=\"La m\u00e9thode v\u00e9lo de la M\u00e9tropole du Grand Paris pour doper les pistes cyclables en banlieue\" class=\"visuel\" target=\"_blank\" rel=\"noopener\"> <img decoding=\"async\" src=\"https:\/\/www.europesays.com\/fr\/wp-content\/uploads\/2025\/09\/velo-vincennes-piste-cyclable-cd-380x173.jpg\"  class=\"attachment-home-article wp-post-image lazyload\" alt=\"La m\u00e9thode v\u00e9lo de la M\u00e9tropole du Grand Paris pour doper les pistes cyclables en banlieue\"\/>  \u00a9 CD\t <\/a> <a class=\"lien-icone-article-payant\" href=\"https:\/\/94.citoyens.com\/gestion-abonnement\/paiement-abonnement?level=1\" title=\"Article r\u00e9serv\u00e9 aux abonn\u00e9s\" target=\"_blank\" rel=\"noopener\">  <img decoding=\"async\" class=\"icone-article-payant\" alt=\"Article r\u00e9serv\u00e9 aux abonn\u00e9s\" src=\"https:\/\/www.europesays.com\/fr\/wp-content\/uploads\/2025\/04\/sans_contour_32x32_couleur_originale.png\"\/>  <\/a> <a href=\"https:\/\/94.citoyens.com\/2025\/la-metropole-du-grand-paris-deploie-sa-methode-velo-pour-doper-les-pistes-cyclables-en-banlieue,27-08-2025.html\" title=\"La m\u00e9thode v\u00e9lo de la M\u00e9tropole du Grand Paris pour doper les pistes cyclables en banlieue\" target=\"_blank\" rel=\"noopener\"> La m\u00e9thode v\u00e9lo de la M\u00e9tropole du Grand Paris pour doper les pistes cyclables en banlieue\t<\/a><\/p>\n<p>Mailler l\u2019agglom\u00e9ration parisienne de pistes cyclables en s\u2019appuyant sur les projets locaux, telle est l\u2019ambition du plan v\u00e9lo de la M\u00e9tropole du Grand Paris, qui a annonc\u00e9 ce mardi le lancement d\u2019un dixi\u00e8me axe ainsi que d\u2019un service d\u2019appui technique aux villes. En parall\u00e8le, le V\u00e9lib continue de s\u2019\u00e9tendre avec cinq nouvelles villes en Val-de-Marne.\u2026<\/p>\n<p><a href=\"https:\/\/94.citoyens.com\/2025\/municipales-2026-en-ile-de-france-ludi-designe-75-chefs-de-file,13-07-2025.html\" title=\"Municipales 2026 en Ile-de-France\u00a0: l\u2019UDI d\u00e9signe 74 chefs de file\" class=\"visuel\" target=\"_blank\" rel=\"noopener\"> <img decoding=\"async\" src=\"https:\/\/www.europesays.com\/fr\/wp-content\/uploads\/2025\/07\/vote-380x173.jpg\"  class=\"attachment-home-article wp-post-image lazyload\" alt=\"Municipales 2026 en Ile-de-France\u00a0: l\u2019UDI d\u00e9signe 74 chefs de file\"\/>  \u00a9 AJ\t <\/a>  <img decoding=\"async\" class=\"icone-article-payant\" alt=\"Article r\u00e9serv\u00e9 aux abonn\u00e9s\" src=\"https:\/\/www.europesays.com\/fr\/wp-content\/uploads\/2025\/04\/sans_contour_32x32_couleur_originale.png\"\/>  <a href=\"https:\/\/94.citoyens.com\/2025\/municipales-2026-en-ile-de-france-ludi-designe-75-chefs-de-file,13-07-2025.html\" title=\"Municipales 2026 en Ile-de-France\u00a0: l\u2019UDI d\u00e9signe 74 chefs de file\" target=\"_blank\" rel=\"noopener\"> Municipales 2026 en Ile-de-France\u00a0: l\u2019UDI d\u00e9signe 74 chefs de file\t<\/a><\/p>\n<p>Le parti de la droite centriste UDI vient de d\u00e9signer ses 180 premiers r\u00e9f\u00e9rents et r\u00e9f\u00e9rentes pour les \u00e9lections municipales 2026, dont 74 en Ile-de-France. La liste compl\u00e8te par d\u00e9partement.<\/p>\n<p><a href=\"https:\/\/94.citoyens.com\/2025\/tetes-de-porc-devant-des-mosquees-dile-de-france-la-piste-de-la-destabilisation-etrangere-confirmee,11-09-2025.html\" title=\"T\u00eates de porc devant des mosqu\u00e9es d\u2019Ile-de-France\u00a0: la piste de la d\u00e9stabilisation \u00e9trang\u00e8re confirm\u00e9e\" class=\"visuel\" target=\"_blank\" rel=\"noopener\"> <img decoding=\"async\" src=\"https:\/\/www.europesays.com\/fr\/wp-content\/uploads\/2025\/09\/mosquee-gentilly-google-street-view-380x173.jpg\"  class=\"attachment-home-article wp-post-image lazyload\" alt=\"T\u00eates de porc devant des mosqu\u00e9es d\u2019Ile-de-France\u00a0: la piste de la d\u00e9stabilisation \u00e9trang\u00e8re confirm\u00e9e\"\/>  \u00a9 google street view\t <\/a> <a href=\"https:\/\/94.citoyens.com\/2025\/tetes-de-porc-devant-des-mosquees-dile-de-france-la-piste-de-la-destabilisation-etrangere-confirmee,11-09-2025.html\" title=\"T\u00eates de porc devant des mosqu\u00e9es d\u2019Ile-de-France\u00a0: la piste de la d\u00e9stabilisation \u00e9trang\u00e8re confirm\u00e9e\" target=\"_blank\" rel=\"noopener\"> T\u00eates de porc devant des mosqu\u00e9es d\u2019Ile-de-France\u00a0: la piste de la d\u00e9stabilisation \u00e9trang\u00e8re confirm\u00e9e\t<\/a><\/p>\n<p>Alors que neuf t\u00eates de porc ont \u00e9t\u00e9 retrouv\u00e9es devant des mosqu\u00e9es d\u2019Ile-de-France mardi matin, la justice a mis en \u00e9vidence une action op\u00e9r\u00e9e par deux personnes qui ont imm\u00e9diatement quitt\u00e9 la France. Les premi\u00e8res pistes m\u00e8nent vers la Serbie et la Croatie.<\/p>\n","protected":false},"excerpt":{"rendered":"\u00a9 CD Ile-de-France\u00a0: jusqu\u2019\u00e0 340 000 personnes pourraient \u00eatre log\u00e9es dans des bureaux recycl\u00e9s Plus de 5,6 millions&hellip;\n","protected":false},"author":2,"featured_media":383411,"comment_status":"","ping_status":"","sticky":false,"template":"","format":"standard","meta":{"footnotes":""},"categories":[1592],"tags":[1111,11,25446,51612,2593,2937,51613,10036,3625,14770,251,7935,1777,674,1011,27,7937,662,5667,12648,51614,9231,5672,12,20414,25668,626,25,18341,1945,13167,12654],"class_list":{"0":"post-383410","1":"post","2":"type-post","3":"status-publish","4":"format-standard","5":"has-post-thumbnail","7":"category-ile-de-france","8":"tag-actu","9":"tag-actualites","10":"tag-amf","11":"tag-artisans-dart","12":"tag-artiste","13":"tag-artistes","14":"tag-association-des-maires-de-france","15":"tag-ateliers","16":"tag-banlieue","17":"tag-champigny-sur-marne","18":"tag-culture","19":"tag-est-parisien","20":"tag-eu","21":"tag-europe","22":"tag-fr","23":"tag-france","24":"tag-gentilly","25":"tag-ile-de-france","26":"tag-initiatives","27":"tag-ivry-sur-seine","28":"tag-maison-des-artistes","29":"tag-ministere-de-la-culture","30":"tag-montreuil","31":"tag-news","32":"tag-noisy-le-grand","33":"tag-pantin","34":"tag-paris","35":"tag-republique-francaise","36":"tag-saint-denis","37":"tag-seine-saint-denis","38":"tag-ville-de-paris","39":"tag-vitry-sur-seine"},"share_on_mastodon":{"url":"","error":"Validation failed: Text character limit of 500 exceeded"},"_links":{"self":[{"href":"https:\/\/www.europesays.com\/fr\/wp-json\/wp\/v2\/posts\/383410","targetHints":{"allow":["GET"]}}],"collection":[{"href":"https:\/\/www.europesays.com\/fr\/wp-json\/wp\/v2\/posts"}],"about":[{"href":"https:\/\/www.europesays.com\/fr\/wp-json\/wp\/v2\/types\/post"}],"author":[{"embeddable":true,"href":"https:\/\/www.europesays.com\/fr\/wp-json\/wp\/v2\/users\/2"}],"replies":[{"embeddable":true,"href":"https:\/\/www.europesays.com\/fr\/wp-json\/wp\/v2\/comments?post=383410"}],"version-history":[{"count":0,"href":"https:\/\/www.europesays.com\/fr\/wp-json\/wp\/v2\/posts\/383410\/revisions"}],"wp:featuredmedia":[{"embeddable":true,"href":"https:\/\/www.europesays.com\/fr\/wp-json\/wp\/v2\/media\/383411"}],"wp:attachment":[{"href":"https:\/\/www.europesays.com\/fr\/wp-json\/wp\/v2\/media?parent=383410"}],"wp:term":[{"taxonomy":"category","embeddable":true,"href":"https:\/\/www.europesays.com\/fr\/wp-json\/wp\/v2\/categories?post=383410"},{"taxonomy":"post_tag","embeddable":true,"href":"https:\/\/www.europesays.com\/fr\/wp-json\/wp\/v2\/tags?post=383410"}],"curies":[{"name":"wp","href":"https:\/\/api.w.org\/{rel}","templated":true}]}}