{"id":383426,"date":"2025-09-11T18:32:17","date_gmt":"2025-09-11T18:32:17","guid":{"rendered":"https:\/\/www.europesays.com\/fr\/383426\/"},"modified":"2025-09-11T18:32:17","modified_gmt":"2025-09-11T18:32:17","slug":"le-royaume-uni-lallemagne-et-la-france-discutent-des-incursions-de-drones-en-pologne","status":"publish","type":"post","link":"https:\/\/www.europesays.com\/fr\/383426\/","title":{"rendered":"Le Royaume-Uni, l\u2019Allemagne et la France discutent des incursions de drones en Pologne"},"content":{"rendered":"<p>AA \/ Londres \/ Burak Bir<\/p>\n<p>Le Premier ministre britannique Keir Starmer s\u2019est entretenu par t\u00e9l\u00e9phone jeudi avec le pr\u00e9sident fran\u00e7ais Emmanuel Macron et le chancelier allemand Friedrich Merz pour condamner l\u2019incursion de drones russes dans l\u2019espace a\u00e9rien polonais.<\/p>\n<p>Dans un communiqu\u00e9, le gouvernement britannique a affirm\u00e9 que \u00ab les dirigeants ont condamn\u00e9 la choquante violation par la Russie de l\u2019OTAN et de l\u2019espace a\u00e9rien polonais \u00bb.<\/p>\n<p>\u00c0 la suite de l\u2019incident de drones nocturnes, Varsovie a convoqu\u00e9 mercredi une r\u00e9union d\u2019urgence du Conseil de s\u00e9curit\u00e9 de l\u2019ONU et annonc\u00e9 des restrictions majeures sur les vols de passagers le long de sa fronti\u00e8re orientale avec le B\u00e9larus et l\u2019Ukraine.<\/p>\n<p>Le minist\u00e8re russe de la D\u00e9fense a reconnu avoir men\u00e9 une frappe de grande ampleur contre des cibles militaires dans l\u2019ouest de l\u2019Ukraine, mais a ni\u00e9 toute intention de viser la Pologne.<\/p>\n<p>Starmer a d\u00e9nonc\u00e9 une campagne russe \u00ab d\u2019actions de plus en plus belliqueuses \u00bb, incluant des frappes contre le Conseil des ministres et des missions diplomatiques \u00e0 Kiev. Lors de son entretien avec Macron, Starmer a assur\u00e9 que le Royaume-Uni \u00e9tait pr\u00eat \u00e0 soutenir de nouveaux d\u00e9ploiements de l\u2019OTAN pour renforcer la d\u00e9fense de la Pologne.<\/p>\n<p>De leur c\u00f4t\u00e9, Starmer et Merz ont insist\u00e9 sur l\u2019importance de prot\u00e9ger l\u2019Alliance face aux menaces conventionnelles et hybrides pos\u00e9es par Moscou.<\/p>\n<p>\u00c9voquant \u00e9galement la situation au Moyen-Orient, Starmer a r\u00e9it\u00e9r\u00e9 sa condamnation des frappes isra\u00e9liennes au Qatar. <\/p>\n<p>Pour rappel, un raid a\u00e9rien isra\u00e9lien avait vis\u00e9 mardi un immeuble r\u00e9sidentiel \u00e0 Doha o\u00f9 se trouvaient des responsables du Hamas.<\/p>\n<p>Le Qatar a d\u00e9nonc\u00e9 une \u00ab violation flagrante du droit international \u00bb et un danger pour sa souverainet\u00e9. <\/p>\n<p>L\u2019\u00c9tat du Golfe joue un r\u00f4le cl\u00e9 dans les n\u00e9gociations de cessez-le-feu entre Isra\u00ebl et le Hamas pour mettre fin \u00e0 l\u2019offensive isra\u00e9lienne \u00e0 Gaza, qui a fait plus de 64 700 morts depuis octobre 2023.<\/p>\n<p>* traduit de l&rsquo;anglais par Ayse Betul Akcesme<\/p>\n<p>                            &#13;<br \/>\n                                <a href=\"https:\/\/www.aa.com.tr\/fr\/p\/abonnement\/1001\" target=\"_blank\" style=\"font-size:12px; color:#444; text-decoration:none;\" rel=\"noopener\">&#13;<br \/>\n                                    Seulement une partie des d\u00e9p\u00eaches, que l&rsquo;Agence Anadolu diffuse \u00e0 ses abonn\u00e9s via le Syst\u00e8me de Diffusion interne (HAS), est diffus\u00e9e sur le site de l&rsquo;AA, de mani\u00e8re r\u00e9sum\u00e9e. <b style=\"color:#1897F7\">Contactez-nous s&rsquo;il vous pla\u00eet pour vous abonner.<\/b>&#13;<br \/>\n                                <\/a>&#13;<\/p>\n","protected":false},"excerpt":{"rendered":"AA \/ Londres \/ Burak Bir Le Premier ministre britannique Keir Starmer s\u2019est entretenu par t\u00e9l\u00e9phone jeudi avec&hellip;\n","protected":false},"author":2,"featured_media":383427,"comment_status":"","ping_status":"","sticky":false,"template":"","format":"standard","meta":{"footnotes":""},"categories":[1588],"tags":[11,672,1785,1777,674,27,12,2437,473,1853,1851,1850,1852],"class_list":{"0":"post-383426","1":"post","2":"type-post","3":"status-publish","4":"format-standard","5":"has-post-thumbnail","7":"category-royaume-uni","8":"tag-actualites","9":"tag-allemagne","10":"tag-anadolu-ajansi","11":"tag-eu","12":"tag-europe","13":"tag-france","14":"tag-news","15":"tag-pologne","16":"tag-royaume-uni","17":"tag-royaume-uni-de-grande-bretagne-et-dirlande-du-nord","18":"tag-uk","19":"tag-united-kingdom","20":"tag-united-kingdom-of-great-britain-and-northern-ireland"},"share_on_mastodon":{"url":"https:\/\/pubeurope.com\/@fr\/115187098925616351","error":""},"_links":{"self":[{"href":"https:\/\/www.europesays.com\/fr\/wp-json\/wp\/v2\/posts\/383426","targetHints":{"allow":["GET"]}}],"collection":[{"href":"https:\/\/www.europesays.com\/fr\/wp-json\/wp\/v2\/posts"}],"about":[{"href":"https:\/\/www.europesays.com\/fr\/wp-json\/wp\/v2\/types\/post"}],"author":[{"embeddable":true,"href":"https:\/\/www.europesays.com\/fr\/wp-json\/wp\/v2\/users\/2"}],"replies":[{"embeddable":true,"href":"https:\/\/www.europesays.com\/fr\/wp-json\/wp\/v2\/comments?post=383426"}],"version-history":[{"count":0,"href":"https:\/\/www.europesays.com\/fr\/wp-json\/wp\/v2\/posts\/383426\/revisions"}],"wp:featuredmedia":[{"embeddable":true,"href":"https:\/\/www.europesays.com\/fr\/wp-json\/wp\/v2\/media\/383427"}],"wp:attachment":[{"href":"https:\/\/www.europesays.com\/fr\/wp-json\/wp\/v2\/media?parent=383426"}],"wp:term":[{"taxonomy":"category","embeddable":true,"href":"https:\/\/www.europesays.com\/fr\/wp-json\/wp\/v2\/categories?post=383426"},{"taxonomy":"post_tag","embeddable":true,"href":"https:\/\/www.europesays.com\/fr\/wp-json\/wp\/v2\/tags?post=383426"}],"curies":[{"name":"wp","href":"https:\/\/api.w.org\/{rel}","templated":true}]}}