{"id":383428,"date":"2025-09-11T18:33:19","date_gmt":"2025-09-11T18:33:19","guid":{"rendered":"https:\/\/www.europesays.com\/fr\/383428\/"},"modified":"2025-09-11T18:33:19","modified_gmt":"2025-09-11T18:33:19","slug":"une-limace-se-balade-sur-leurs-interphones-et-les-fait-sonner-toute-la-nuit","status":"publish","type":"post","link":"https:\/\/www.europesays.com\/fr\/383428\/","title":{"rendered":"Une limace se balade sur leurs interphones et les fait sonner toute la nuit"},"content":{"rendered":"<p class=\"mb-4 text-lg md:leading-8 break-words\"><strong>angoisse &#8211; En Allemagne, deux familles ont v\u00e9cu une nuit cauchemardesque \u00e0 cause d\u2019une limace qui se baladait sur leurs interphones<\/strong><\/p>\n<p class=\"mb-4 text-lg md:leading-8 break-words\">Deux familles, qui se partagent une grande <a href=\"https:\/\/www.20minutes.fr\/dossier\/maison?at_medium=RSS%20feed&amp;at_campaign=ynews&amp;utm_source=yahoo&amp;utm_medium=rss&amp;utm_campaign=news_feed&amp;utm_content=in_article_link\" rel=\"nofollow noopener\" target=\"_blank\" data-ylk=\"slk:maison;elm:context_link;itc:0;sec:content-canvas\" class=\"link \">maison<\/a>\u00a0pr\u00e8s de Nuremberg (<a href=\"https:\/\/www.20minutes.fr\/dossier\/allemagne?at_medium=RSS%20feed&amp;at_campaign=ynews&amp;utm_source=yahoo&amp;utm_medium=rss&amp;utm_campaign=news_feed&amp;utm_content=in_article_link\" rel=\"nofollow noopener\" target=\"_blank\" data-ylk=\"slk:Allemagne;elm:context_link;itc:0;sec:content-canvas\" class=\"link \">Allemagne<\/a>), ont v\u00e9cu un v\u00e9ritable enfer \u00e0 la fin du mois d\u2019ao\u00fbt. Durant toute une nuit, leurs interphones n\u2019ont pas arr\u00eat\u00e9 de sonner alors que personne ne se trouvait devant leur porte. La coupable \u00e9tait en fait\u2026 une limace.\u00a0Une histoire improbable racont\u00e9e par le m\u00e9dia allemand\u00a0<a href=\"https:\/\/www.ouest-france.fr\/leditiondusoir\/2025-09-10\/l-improbable-histoire-de-ces-habitants-harceles-par-une-limace-qui-declenche-les-interphones-1e3eff9f-f273-43c5-8780-203f5ca5e639?at_medium=RSS%20feed&amp;at_campaign=ynews&amp;utm_source=yahoo&amp;utm_medium=rss&amp;utm_campaign=news_feed&amp;utm_content=in_article_link\" rel=\"nofollow noopener\" target=\"_blank\" data-ylk=\"slk:Bild;elm:context_link;itc:0;sec:content-canvas\" class=\"link \">Bild<\/a> lundi.<\/p>\n<p class=\"mb-4 text-lg md:leading-8 break-words\">La famille de Lisa, \u00e0 l\u2019exception de son fils, \u00e9tait en train de dormir\u00a0lorsque la premi\u00e8re sonnerie de l\u2019interphone a r\u00e9sonn\u00e9. \u00ab\u00a0Au d\u00e9but, j\u2019ai cru que c\u2019\u00e9taient des adolescents de la maison abandonn\u00e9e d\u2019en face\u00a0\u00bb, raconte-t-elle, en pr\u00e9cisant qu\u2019elle a pour habitude de ne pas r\u00e9pondre \u00e0 la sonnette apr\u00e8s 22 heures.<\/p>\n<p>\u00ab\u00a0C\u2019\u00e9tait vraiment flippant\u00a0\u00bb<\/p>\n<p class=\"mb-4 text-lg md:leading-8 break-words\">Mais les \u00e9v\u00e9nements \u00e9tranges ne se sont pas arr\u00eat\u00e9s l\u00e0. La peur a commenc\u00e9 \u00e0 s\u2019emparer des deux logements lorsque la belle-s\u0153ur de Lisa l\u2019a appel\u00e9e\u00a0pour savoir si son interphone sonnait aussi. \u00ab\u00a0On entendait la sonnette sans arr\u00eat, mais on ne voyait personne. La maison est vieille, elle grince beaucoup, et on ne voulait pas sortir. C\u2019\u00e9tait vraiment flippant\u00a0\u00bb, confie-t-elle.<\/p>\n<p class=\"mb-4 text-lg md:leading-8 break-words\">Alors que leurs sonneries ne s&rsquo;arr\u00eataient pas de sonner, les deux familles ont fini par appeler la police. Les forces de l\u2019ordre sont arriv\u00e9es sur place peu apr\u00e8s minuit et ont ratiss\u00e9 les environs sans trouver la moindre trace d\u2019un quelconque suspect. Et m\u00eame en leur pr\u00e9sence, les interphones continuaient de sonner.<\/p>\n<p class=\"mb-4 text-lg md:leading-8 break-words\">C\u2019est finalement le mari de Lisa qui a identifi\u00e9 le coupable de toute cette agitation. \u00ab\u00a0Il(&#8230;)<\/p>\n<p class=\"mb-4 text-lg md:leading-8 break-words\"><a href=\"https:\/\/www.20minutes.fr\/monde\/4172475-20250911-allemagne-limace-balade-interphones-fait-sonner-toute-nuit?at_medium=RSS%20feed&amp;at_campaign=ynews&amp;utm_source=yahoo&amp;utm_medium=rss&amp;utm_campaign=news_feed&amp;utm_content=read_more_link&quot;\" rel=\"nofollow noopener\" target=\"_blank\" data-ylk=\"slk:Lire la suite sur 20minutes;elm:context_link;itc:0;sec:content-canvas\" class=\"link \">Lire la suite sur 20minutes<\/a><\/p>\n<p>\u00c0 lire aussi :<br \/><a href=\"https:\/\/www.20minutes.fr\/faits_divers\/4015648-20221220-perpignan-ane-balade-pleine-nuit-route-rend-fou-policiers?at_medium=RSS%20feed&amp;at_campaign=ynews&amp;utm_source=yahoo&amp;utm_medium=rss&amp;utm_campaign=news_feed&amp;utm_content=related_content_link\" rel=\"nofollow noopener\" target=\"_blank\" data-ylk=\"slk:Perpignan\u00a0: Un \u00e2ne se balade en pleine nuit sur la route\u2026 et rend fous les policiers;elm:context_link;itc:0;sec:content-canvas\" class=\"link \">Perpignan\u00a0: Un \u00e2ne se balade en pleine nuit sur la route\u2026 et rend fous les policiers<\/a><br \/><a href=\"https:\/\/www.20minutes.fr\/arts-stars\/insolite\/4114395-20241008-australie-koala-balade-quai-gare-pleine-nuit-sydney?at_medium=RSS%20feed&amp;at_campaign=ynews&amp;utm_source=yahoo&amp;utm_medium=rss&amp;utm_campaign=news_feed&amp;utm_content=related_content_link\" rel=\"nofollow noopener\" target=\"_blank\" data-ylk=\"slk:Australie\u00a0: Un koala se balade sur un quai de gare en pleine nuit \u00e0 Sydney;elm:context_link;itc:0;sec:content-canvas\" class=\"link \">Australie\u00a0: Un koala se balade sur un quai de gare en pleine nuit \u00e0 Sydney<\/a><\/p>\n","protected":false},"excerpt":{"rendered":"angoisse &#8211; En Allemagne, deux familles ont v\u00e9cu une nuit cauchemardesque \u00e0 cause d\u2019une limace qui se baladait&hellip;\n","protected":false},"author":2,"featured_media":383429,"comment_status":"","ping_status":"","sticky":false,"template":"","format":"standard","meta":{"footnotes":""},"categories":[1587],"tags":[11,672,1804,1805,1803,1777,674,1801,51615,51616,12,293,1802],"class_list":{"0":"post-383428","1":"post","2":"type-post","3":"status-publish","4":"format-standard","5":"has-post-thumbnail","7":"category-allemagne","8":"tag-actualites","9":"tag-allemagne","10":"tag-bundesrepublik-deutschland","11":"tag-de","12":"tag-deutschland","13":"tag-eu","14":"tag-europe","15":"tag-germany","16":"tag-interphones","17":"tag-limace","18":"tag-news","19":"tag-nuit","20":"tag-republique-federale-dallemagne"},"share_on_mastodon":{"url":"https:\/\/pubeurope.com\/@fr\/115187102804033093","error":""},"_links":{"self":[{"href":"https:\/\/www.europesays.com\/fr\/wp-json\/wp\/v2\/posts\/383428","targetHints":{"allow":["GET"]}}],"collection":[{"href":"https:\/\/www.europesays.com\/fr\/wp-json\/wp\/v2\/posts"}],"about":[{"href":"https:\/\/www.europesays.com\/fr\/wp-json\/wp\/v2\/types\/post"}],"author":[{"embeddable":true,"href":"https:\/\/www.europesays.com\/fr\/wp-json\/wp\/v2\/users\/2"}],"replies":[{"embeddable":true,"href":"https:\/\/www.europesays.com\/fr\/wp-json\/wp\/v2\/comments?post=383428"}],"version-history":[{"count":0,"href":"https:\/\/www.europesays.com\/fr\/wp-json\/wp\/v2\/posts\/383428\/revisions"}],"wp:featuredmedia":[{"embeddable":true,"href":"https:\/\/www.europesays.com\/fr\/wp-json\/wp\/v2\/media\/383429"}],"wp:attachment":[{"href":"https:\/\/www.europesays.com\/fr\/wp-json\/wp\/v2\/media?parent=383428"}],"wp:term":[{"taxonomy":"category","embeddable":true,"href":"https:\/\/www.europesays.com\/fr\/wp-json\/wp\/v2\/categories?post=383428"},{"taxonomy":"post_tag","embeddable":true,"href":"https:\/\/www.europesays.com\/fr\/wp-json\/wp\/v2\/tags?post=383428"}],"curies":[{"name":"wp","href":"https:\/\/api.w.org\/{rel}","templated":true}]}}