{"id":383430,"date":"2025-09-11T18:34:20","date_gmt":"2025-09-11T18:34:20","guid":{"rendered":"https:\/\/www.europesays.com\/fr\/383430\/"},"modified":"2025-09-11T18:34:20","modified_gmt":"2025-09-11T18:34:20","slug":"von-der-leyen-fait-des-promesses-deja-vues","status":"publish","type":"post","link":"https:\/\/www.europesays.com\/fr\/383430\/","title":{"rendered":"Von der Leyen fait des promesses&#8230; d\u00e9j\u00e0 vues"},"content":{"rendered":"<p>20 % d&rsquo;augmentation des prix des logements depuis 2015 et 20 % de baisse de permis de construire en cinq ans. C&rsquo;est le double constat exprim\u00e9, mercredi, par Ursula von der Leyen dans son discours de l&rsquo;\u00e9tat de l&rsquo;Union. Aussi la pr\u00e9sidente de la Commission europ\u00e9enne a-t-elle promis \u00ab\u00a0le tout premier plan europ\u00e9en pour des logements abordables\u00a0\u00bb <a href=\"https:\/\/www.latribune.fr\/entreprises-finance\/industrie\/biens-d-equipement-btp-immobilier\/crise-du-logement-en-europe-la-commission-consulte-tous-azimuts-1024839.html\" target=\"_blank\" rel=\"noopener\">apr\u00e8s avoir lanc\u00e9 une consultation mi-mai<\/a>.<\/p>\n<p>\u00ab\u00a0L&rsquo;eurod\u00e9put\u00e9 espagnol (PP-PPE) Borja Gimenez Larraz doit remettre un rapport d&rsquo;ici \u00e0 la fin de l&rsquo;ann\u00e9e. Le commissaire \u00e0 l&rsquo;Energie et au Logement, Dan Jorgensen, nous l&rsquo;a promis pour le premier semestre 2026\u00a0\u00bb, affirme Isabelle Le Callennec, eurod\u00e9put\u00e9e (LR-PPE), membre de la commission sp\u00e9ciale sur la crise du logement dans l&rsquo;UE.<\/p>\n<p>Tout porte \u00e0 croire en r\u00e9alit\u00e9 qu&rsquo;il s&rsquo;agit de la plateforme paneurop\u00e9enne d&rsquo;investissement annonc\u00e9e en mars et port\u00e9e par la Banque europ\u00e9enne d&rsquo;investissement (BEI) avec, en France, la Caisse des D\u00e9p\u00f4ts et Action Logement. \u00ab \u00c7a, c&rsquo;est concret, mais cela prend un certain temps\u00a0\u00bb, s&rsquo;impatiente le pr\u00e9sident de l&rsquo;Union des promoteurs et des constructeurs europ\u00e9ens Build Europe, Marc Pigeon.<\/p>\n","protected":false},"excerpt":{"rendered":"20 % d&rsquo;augmentation des prix des logements depuis 2015 et 20 % de baisse de permis de construire&hellip;\n","protected":false},"author":2,"featured_media":383431,"comment_status":"","ping_status":"","sticky":false,"template":"","format":"standard","meta":{"footnotes":""},"categories":[1586],"tags":[17,11,352,8160,33,1777,674,21,1011,27,8161,1908,12,25,8159],"class_list":{"0":"post-383430","1":"post","2":"type-post","3":"status-publish","4":"format-standard","5":"has-post-thumbnail","7":"category-europe","8":"tag-17","9":"tag-actualites","10":"tag-crise","11":"tag-der","12":"tag-economie","13":"tag-eu","14":"tag-europe","15":"tag-fait","16":"tag-fr","17":"tag-france","18":"tag-leyen","19":"tag-logement","20":"tag-news","21":"tag-republique-francaise","22":"tag-von"},"share_on_mastodon":{"url":"https:\/\/pubeurope.com\/@fr\/115187106692844924","error":""},"_links":{"self":[{"href":"https:\/\/www.europesays.com\/fr\/wp-json\/wp\/v2\/posts\/383430","targetHints":{"allow":["GET"]}}],"collection":[{"href":"https:\/\/www.europesays.com\/fr\/wp-json\/wp\/v2\/posts"}],"about":[{"href":"https:\/\/www.europesays.com\/fr\/wp-json\/wp\/v2\/types\/post"}],"author":[{"embeddable":true,"href":"https:\/\/www.europesays.com\/fr\/wp-json\/wp\/v2\/users\/2"}],"replies":[{"embeddable":true,"href":"https:\/\/www.europesays.com\/fr\/wp-json\/wp\/v2\/comments?post=383430"}],"version-history":[{"count":0,"href":"https:\/\/www.europesays.com\/fr\/wp-json\/wp\/v2\/posts\/383430\/revisions"}],"wp:featuredmedia":[{"embeddable":true,"href":"https:\/\/www.europesays.com\/fr\/wp-json\/wp\/v2\/media\/383431"}],"wp:attachment":[{"href":"https:\/\/www.europesays.com\/fr\/wp-json\/wp\/v2\/media?parent=383430"}],"wp:term":[{"taxonomy":"category","embeddable":true,"href":"https:\/\/www.europesays.com\/fr\/wp-json\/wp\/v2\/categories?post=383430"},{"taxonomy":"post_tag","embeddable":true,"href":"https:\/\/www.europesays.com\/fr\/wp-json\/wp\/v2\/tags?post=383430"}],"curies":[{"name":"wp","href":"https:\/\/api.w.org\/{rel}","templated":true}]}}