{"id":383432,"date":"2025-09-11T18:35:19","date_gmt":"2025-09-11T18:35:19","guid":{"rendered":"https:\/\/www.europesays.com\/fr\/383432\/"},"modified":"2025-09-11T18:35:19","modified_gmt":"2025-09-11T18:35:19","slug":"le-gouverneur-de-la-banque-de-france-plaide-pour-une-ue-de-lepargne-et-linvestissement","status":"publish","type":"post","link":"https:\/\/www.europesays.com\/fr\/383432\/","title":{"rendered":"Le gouverneur de la Banque de France plaide pour une UE de l&rsquo;\u00e9pargne et l&rsquo;investissement"},"content":{"rendered":"<p class=\"fig-paragraph\">Le gouverneur de la Banque de France\u00a0<a href=\"http:\/\/www.lefigaro.fr\/conjoncture\/il-n-existe-pas-de-solution-facile-sans-effort-pour-redresser-les-finances-publiques-souligne-villeroy-de-galhau-20250902\" target=\"_blank\" data-fig-type=\"NewsFlash\" rel=\"noopener\" data-gtm-custom-categorie=\"navigation\" data-gtm-custom-action=\"crossclick\" data-gtm-custom-label=\"Contextuel\" data-gtm-event=\"customEventSPE\" data-fig-domain=\"LEFIGARO\">Fran\u00e7ois Villeroy de Galhau<\/a>\u00a0a plaid\u00e9 jeudi pour une Union europ\u00e9enne de l&rsquo;\u00e9pargne et l&rsquo;investissement permettant de mobiliser l&rsquo;abondante \u00e9pargne des Europ\u00e9ens au service de l&rsquo;\u00e9conomie de l&rsquo;UE. \u00abL&rsquo;Europe ne manque pas d&rsquo;investissement, elle manque d&rsquo;investissement productif, et surtout d&rsquo;investissement innovant\u00bb, a indiqu\u00e9 le gouverneur lors d&rsquo;une conf\u00e9rence de l&rsquo;Association Europe finances r\u00e9gulations (AEFR).<\/p>\n<p class=\"fig-paragraph\">\u00c9voquant une \u00ab\u00e9nigme\u00bb, le gouverneur a rappel\u00e9 que malgr\u00e9 une \u00e9pargne financi\u00e8re \u00abexc\u00e9dentaire\u00bb en Europe (400 milliards d&rsquo;euros soit 2,6% du PIB), le co\u00fbt des fonds propres &#8211; le rendement demand\u00e9 par les investisseurs pour compenser le risque pris &#8211; restait \u00ab\u00e9lev\u00e9\u00bb sur notre continent par rapport aux \u00c9tats-Unis. L&rsquo;attachement des \u00e9pargnants \u00e0 la s\u00e9curit\u00e9 ou au rendement de leurs placements implique que l&rsquo;\u00e9pargne abondante n&rsquo;est pas allou\u00e9e aux besoins \u00e9conomiques de l&rsquo;Union. Le projet d&rsquo;Union pour l&rsquo;\u00e9pargne et l&rsquo;investissement (UEI), qui fait partie de la feuille de route de la Commission, doit permettre de r\u00e9soudre cette probl\u00e9matique, en \u00abmobilis(ant) davantage l&rsquo;\u00e9pargne pour financer l&rsquo;investissement en Europe\u00bb, souligne Fran\u00e7ois Villeroy de Galhau.<\/p>\n<p>                                    <a class=\"fig-a11y-skip a11y-hidden\" href=\"#fig-a11y-skip-main-inarticle\"><br \/>\n        Passer la publicit\u00e9<br \/>\n    <\/a><\/p>\n<p class=\"fig-paragraph\">Pour y arriver, le gouverneur insiste notamment sur la n\u00e9cessit\u00e9 d&rsquo;\u00abune supervision r\u00e9ellement europ\u00e9enne des fonds d&rsquo;investissement sur le mod\u00e8le de la SEC am\u00e9ricaine\u00bb (l&rsquo;organisme f\u00e9d\u00e9ral am\u00e9ricain de r\u00e9glementation et de contr\u00f4le des march\u00e9s financiers), d&rsquo;un d\u00e9veloppement de \u00abpartenariats public-priv\u00e9 ambitieux en mati\u00e8re de capital-risque\u00bb, et du \u00abd\u00e9veloppement progressif de fonds d&rsquo;\u00e9pargne-retraite et de pension europ\u00e9ens\u00bb, qui pourraient \u00abapporter une \u00e9pargne longue et patiente\u00bb. Fran\u00e7ois Villeroy de Galhau \u00e9voque \u00e9galement \u00able lancement de produits d&rsquo;\u00e9pargne accessibles aux m\u00e9nages\u00bb, d\u00e9samor\u00e7ant directement les objections\u00a0: \u00abLe placement en fonds propres est d&rsquo;abord affaire de professionnels et d&rsquo;investisseurs institutionnels, certes, mais ne sous-estimons pas la port\u00e9e du \u201cretail\u201d (vente sans interm\u00e9diaire, NDLR) pour l&rsquo;appropriation politique de l&rsquo;Union, ni pour l&rsquo;\u00e9ducation financi\u00e8re des Europ\u00e9ens\u00bb.<\/p>\n","protected":false},"excerpt":{"rendered":"Le gouverneur de la Banque de France\u00a0Fran\u00e7ois Villeroy de Galhau\u00a0a plaid\u00e9 jeudi pour une Union europ\u00e9enne de l&rsquo;\u00e9pargne&hellip;\n","protected":false},"author":2,"featured_media":383433,"comment_status":"","ping_status":"","sticky":false,"template":"","format":"standard","meta":{"footnotes":""},"categories":[1586],"tags":[11,24240,1777,674,1779,1011,27,36487,12,25,1778,364],"class_list":{"0":"post-383432","1":"post","2":"type-post","3":"status-publish","4":"format-standard","5":"has-post-thumbnail","7":"category-europe","8":"tag-actualites","9":"tag-banque-de-france","10":"tag-eu","11":"tag-europe","12":"tag-european-union","13":"tag-fr","14":"tag-france","15":"tag-francois-villeroy-de-galhau","16":"tag-news","17":"tag-republique-francaise","18":"tag-ue","19":"tag-union-europeenne"},"share_on_mastodon":{"url":"https:\/\/pubeurope.com\/@fr\/115187110732269707","error":""},"_links":{"self":[{"href":"https:\/\/www.europesays.com\/fr\/wp-json\/wp\/v2\/posts\/383432","targetHints":{"allow":["GET"]}}],"collection":[{"href":"https:\/\/www.europesays.com\/fr\/wp-json\/wp\/v2\/posts"}],"about":[{"href":"https:\/\/www.europesays.com\/fr\/wp-json\/wp\/v2\/types\/post"}],"author":[{"embeddable":true,"href":"https:\/\/www.europesays.com\/fr\/wp-json\/wp\/v2\/users\/2"}],"replies":[{"embeddable":true,"href":"https:\/\/www.europesays.com\/fr\/wp-json\/wp\/v2\/comments?post=383432"}],"version-history":[{"count":0,"href":"https:\/\/www.europesays.com\/fr\/wp-json\/wp\/v2\/posts\/383432\/revisions"}],"wp:featuredmedia":[{"embeddable":true,"href":"https:\/\/www.europesays.com\/fr\/wp-json\/wp\/v2\/media\/383433"}],"wp:attachment":[{"href":"https:\/\/www.europesays.com\/fr\/wp-json\/wp\/v2\/media?parent=383432"}],"wp:term":[{"taxonomy":"category","embeddable":true,"href":"https:\/\/www.europesays.com\/fr\/wp-json\/wp\/v2\/categories?post=383432"},{"taxonomy":"post_tag","embeddable":true,"href":"https:\/\/www.europesays.com\/fr\/wp-json\/wp\/v2\/tags?post=383432"}],"curies":[{"name":"wp","href":"https:\/\/api.w.org\/{rel}","templated":true}]}}